{"id":411843,"date":"2024-09-10T11:26:05","date_gmt":"2024-09-10T09:26:05","guid":{"rendered":"https:\/\/www.pcnen.com\/portal\/?p=411843"},"modified":"2024-09-10T11:26:05","modified_gmt":"2024-09-10T09:26:05","slug":"pandemija-kovid-dovela-do-starenja-mozgova-tinejdzera","status":"publish","type":"post","link":"https:\/\/www.pcnen.com\/portal\/2024\/09\/10\/pandemija-kovid-dovela-do-starenja-mozgova-tinejdzera\/","title":{"rendered":"Pandemija kovid dovela do starenja mozgova tinejd\u017eera"},"content":{"rendered":"<p>Karantini za vrijeme pandemije kovida, poput zatvaranja \u0161kola, otkazanih sportskih aktivnosti i naredbi o ostanku kod ku\u0107e, uticale su na to da mozgovi tinejd\u017eera prerano ostare i to \u010dak \u010detiri godine, ustanovili su nau\u010dnici sa Univerziteta Va\u0161ington.<\/p>\n<p>Kod tinejd\u017eerica je starenje mozga bilo izra\u017eenije.<\/p>\n<p>Cerebralni korteks prirodno se stanjuje kako starimo. I hroni\u010dni stres mo\u017ee prouzrokovati sli\u010dne promjene u mozgu.<\/p>\n<p>Nova studija, objavljena u \u010dasopisu Proceedings of the National Academy of Sciences, jo\u0161 je jedan dokaz po kojemu poreme\u0107aji dnevne rutine mogu doprinijeti razvoju problema u pona\u0161anju, porastu poreme\u0107aja prehrane te razvoju anksioznosti i depresije me\u0111u adolescentnim djevoj\u010dicama i dje\u010dacima, <a href=\"https:\/\/www.index.hr\/vijesti\/clanak\/kako-je-covid-izolacija-utjecala-na-tinejdzere-znanstvenici-mozgovi-su-im-ostarjeli\/2597206.aspx?index_tid=562549\" target=\"_blank\" rel=\"noopener\">prenosi<\/a> portal Index.hr.<\/p>\n","protected":false},"excerpt":{"rendered":"<p>Kod tinejd\u017eerica je starenje mozga bilo izra\u017eenije<\/p>\n","protected":false},"author":1,"featured_media":384005,"comment_status":"open","ping_status":"closed","sticky":false,"template":"","format":"standard","meta":{"_seopress_robots_primary_cat":"none","_seopress_titles_title":"","_seopress_titles_desc":"","_seopress_robots_index":"","_et_pb_use_builder":"","_et_pb_old_content":"","_et_gb_content_width":"","inline_featured_image":false,"footnotes":""},"categories":[14],"tags":[],"class_list":["post-411843","post","type-post","status-publish","format-standard","has-post-thumbnail","hentry","category-vijesti"],"_links":{"self":[{"href":"https:\/\/www.pcnen.com\/portal\/wp-json\/wp\/v2\/posts\/411843","targetHints":{"allow":["GET"]}}],"collection":[{"href":"https:\/\/www.pcnen.com\/portal\/wp-json\/wp\/v2\/posts"}],"about":[{"href":"https:\/\/www.pcnen.com\/portal\/wp-json\/wp\/v2\/types\/post"}],"author":[{"embeddable":true,"href":"https:\/\/www.pcnen.com\/portal\/wp-json\/wp\/v2\/users\/1"}],"replies":[{"embeddable":true,"href":"https:\/\/www.pcnen.com\/portal\/wp-json\/wp\/v2\/comments?post=411843"}],"version-history":[{"count":1,"href":"https:\/\/www.pcnen.com\/portal\/wp-json\/wp\/v2\/posts\/411843\/revisions"}],"predecessor-version":[{"id":411846,"href":"https:\/\/www.pcnen.com\/portal\/wp-json\/wp\/v2\/posts\/411843\/revisions\/411846"}],"wp:featuredmedia":[{"embeddable":true,"href":"https:\/\/www.pcnen.com\/portal\/wp-json\/wp\/v2\/media\/384005"}],"wp:attachment":[{"href":"https:\/\/www.pcnen.com\/portal\/wp-json\/wp\/v2\/media?parent=411843"}],"wp:term":[{"taxonomy":"category","embeddable":true,"href":"https:\/\/www.pcnen.com\/portal\/wp-json\/wp\/v2\/categories?post=411843"},{"taxonomy":"post_tag","embeddable":true,"href":"https:\/\/www.pcnen.com\/portal\/wp-json\/wp\/v2\/tags?post=411843"}],"curies":[{"name":"wp","href":"https:\/\/api.w.org\/{rel}","templated":true}]}}