{"id":411837,"date":"2024-09-10T11:07:07","date_gmt":"2024-09-10T09:07:07","guid":{"rendered":"https:\/\/www.pcnen.com\/portal\/?p=411837"},"modified":"2024-09-10T11:09:07","modified_gmt":"2024-09-10T09:09:07","slug":"crvena-potjernica-za-vulevicem-i-delicem","status":"publish","type":"post","link":"https:\/\/www.pcnen.com\/portal\/2024\/09\/10\/crvena-potjernica-za-vulevicem-i-delicem\/","title":{"rendered":"Crvena potjernica za Vulevi\u0107em i Deli\u0107em"},"content":{"rendered":"<p>Crna Gora je raspisala crvenu potjernicu za Berancem Vukom Vulevi\u0107em i Budvaninom Ivanom Deli\u0107em, kojima se sumnji\u010de da su po\u010dinili ozbiljna krivi\u010dna djela.<\/p>\n<p>Ovo je za RTCG otkrio Luka Medenica iz Nacionalnog biroa Interpola u Podgorici.<\/p>\n<p>&#8220;U pitanju je vrlo obiman predmet koje je sprovelo Specijalno dr\u017eavno tu\u017eila\u0161tvo sa svim organizacionim jedinicama Uprave policije&#8221;,\u00a0 kazao je Medenica.<\/p>\n<blockquote><p>Vulevi\u0107 se nezvani\u010dno pominje u istrazi ubistva Du\u0161ka Jovanovi\u0107a, glavnog i odgovornog urednika lista Dan, a Deli\u0107 u istrazi ubistva Pavla Bulatovi\u0107a, biv\u0161eg ministra odbrane u vladi SRJ.<\/p><\/blockquote>\n<p>&nbsp;<\/p>\n<p>&nbsp;<\/p>\n","protected":false},"excerpt":{"rendered":"<p>Crna Gora je raspisala crvenu potjernicu za Berancem Vukom Vulevi\u0107em i Budvaninom Ivanom Deli\u0107em, kojima se sumnji\u010de da su po\u010dinili ozbiljna krivi\u010dna djela<\/p>\n","protected":false},"author":1,"featured_media":340696,"comment_status":"open","ping_status":"closed","sticky":false,"template":"","format":"standard","meta":{"_seopress_robots_primary_cat":"none","_seopress_titles_title":"","_seopress_titles_desc":"","_seopress_robots_index":"","_et_pb_use_builder":"","_et_pb_old_content":"","_et_gb_content_width":"","inline_featured_image":false,"footnotes":""},"categories":[14],"tags":[],"class_list":["post-411837","post","type-post","status-publish","format-standard","has-post-thumbnail","hentry","category-vijesti"],"_links":{"self":[{"href":"https:\/\/www.pcnen.com\/portal\/wp-json\/wp\/v2\/posts\/411837","targetHints":{"allow":["GET"]}}],"collection":[{"href":"https:\/\/www.pcnen.com\/portal\/wp-json\/wp\/v2\/posts"}],"about":[{"href":"https:\/\/www.pcnen.com\/portal\/wp-json\/wp\/v2\/types\/post"}],"author":[{"embeddable":true,"href":"https:\/\/www.pcnen.com\/portal\/wp-json\/wp\/v2\/users\/1"}],"replies":[{"embeddable":true,"href":"https:\/\/www.pcnen.com\/portal\/wp-json\/wp\/v2\/comments?post=411837"}],"version-history":[{"count":3,"href":"https:\/\/www.pcnen.com\/portal\/wp-json\/wp\/v2\/posts\/411837\/revisions"}],"predecessor-version":[{"id":411842,"href":"https:\/\/www.pcnen.com\/portal\/wp-json\/wp\/v2\/posts\/411837\/revisions\/411842"}],"wp:featuredmedia":[{"embeddable":true,"href":"https:\/\/www.pcnen.com\/portal\/wp-json\/wp\/v2\/media\/340696"}],"wp:attachment":[{"href":"https:\/\/www.pcnen.com\/portal\/wp-json\/wp\/v2\/media?parent=411837"}],"wp:term":[{"taxonomy":"category","embeddable":true,"href":"https:\/\/www.pcnen.com\/portal\/wp-json\/wp\/v2\/categories?post=411837"},{"taxonomy":"post_tag","embeddable":true,"href":"https:\/\/www.pcnen.com\/portal\/wp-json\/wp\/v2\/tags?post=411837"}],"curies":[{"name":"wp","href":"https:\/\/api.w.org\/{rel}","templated":true}]}}