{"id":411828,"date":"2024-09-10T10:45:59","date_gmt":"2024-09-10T08:45:59","guid":{"rendered":"https:\/\/www.pcnen.com\/portal\/?p=411828"},"modified":"2024-09-10T10:55:43","modified_gmt":"2024-09-10T08:55:43","slug":"amu-pozitivno-poslovala-2023-samo-tri-lokalna-javna-emitera","status":"publish","type":"post","link":"https:\/\/www.pcnen.com\/portal\/2024\/09\/10\/amu-pozitivno-poslovala-2023-samo-tri-lokalna-javna-emitera\/","title":{"rendered":"AMU: Pozitivno poslovala 2023. samo tri lokalna javna emitera"},"content":{"rendered":"<p>Vi\u0161e od polovine lokalnih javnih emitera je u 2023. poslovalo sa negativnim rezultatom, pokazala je analiza ekonomskog polo\u017eaja javnih emitera u Crnoj Gori koju je uradila Agencije za audiovizuelne medijske usluge (AMU).<\/p>\n<p>Prema ovoj analizi, pozitivan poslovni rezultat su lani imali RT Nik\u0161i\u0107, RT Pljevlja i RT Ulcinj, dok su Radio Berane i Radio i Televizija Ro\u017eaje imali najve\u0107i negativni rezultat.<\/p>\n<p>Najve\u0107i bud\u017eet u odnosu na broj stanovnika imali su Radio Televizija Budva i Radio Andrijevica, dok su najmanje bud\u017eete po istom osnovu imali Radio Bar, Radio Bijelo Polje i Radio Danilovgrad.<\/p>\n<p>Pro\u0161le godine je zabilje\u017een pad ukupnih prihoda 2% u odnosu na prethodnu godinu i iznosi 152.465\u20ac. U 2022. i 2021. godini zabilje\u017een je porast ukupnih prihoda koji je na nivou<br \/>\njedne godine iznosio pribli\u017eno 1,5 miliona eura.<\/p>\n<p>Ukupni rashodi u 2023. godini iznosili su 26.671.275\u20ac, od \u010dega se 73% odnosi na nacionalnog javnog emitera RTCG, a ostalo (7.144.761\u20ac) na lokalne javne emitere.<\/p>\n<p>&#8220;Kontinuitet pozitivnog poslovanja predstavlja veliki izazov za lokalne javne emitere i njihove zaposlene. Implementacija zakonskog okvira bi\u0107e prilika da se obezbijedi ve\u0107a stabilnost i zna\u010dajniji prihodi, a time im i omogu\u0107i pobolj\u0161anje usluga koje pru\u017eaju gra\u0111anima&#8221;, konstatuje se u analizi AMU.<\/p>\n<p>&nbsp;<\/p>\n","protected":false},"excerpt":{"rendered":"<p>Vi\u0161e od polovine lokalnih javnih emitera je u 2023. poslovalo sa negativnim rezultatom, pokazala je analiza ekonomskog polo\u017eaja javnih emitera u Crnoj Gori koju je uradila Agencije za audiovizuelne medijske usluge (AMU).<\/p>\n","protected":false},"author":1,"featured_media":343676,"comment_status":"open","ping_status":"closed","sticky":false,"template":"","format":"standard","meta":{"_seopress_robots_primary_cat":"none","_seopress_titles_title":"","_seopress_titles_desc":"","_seopress_robots_index":"","_et_pb_use_builder":"","_et_pb_old_content":"","_et_gb_content_width":"","inline_featured_image":false,"footnotes":""},"categories":[14],"tags":[],"class_list":["post-411828","post","type-post","status-publish","format-standard","has-post-thumbnail","hentry","category-vijesti"],"_links":{"self":[{"href":"https:\/\/www.pcnen.com\/portal\/wp-json\/wp\/v2\/posts\/411828","targetHints":{"allow":["GET"]}}],"collection":[{"href":"https:\/\/www.pcnen.com\/portal\/wp-json\/wp\/v2\/posts"}],"about":[{"href":"https:\/\/www.pcnen.com\/portal\/wp-json\/wp\/v2\/types\/post"}],"author":[{"embeddable":true,"href":"https:\/\/www.pcnen.com\/portal\/wp-json\/wp\/v2\/users\/1"}],"replies":[{"embeddable":true,"href":"https:\/\/www.pcnen.com\/portal\/wp-json\/wp\/v2\/comments?post=411828"}],"version-history":[{"count":6,"href":"https:\/\/www.pcnen.com\/portal\/wp-json\/wp\/v2\/posts\/411828\/revisions"}],"predecessor-version":[{"id":411836,"href":"https:\/\/www.pcnen.com\/portal\/wp-json\/wp\/v2\/posts\/411828\/revisions\/411836"}],"wp:featuredmedia":[{"embeddable":true,"href":"https:\/\/www.pcnen.com\/portal\/wp-json\/wp\/v2\/media\/343676"}],"wp:attachment":[{"href":"https:\/\/www.pcnen.com\/portal\/wp-json\/wp\/v2\/media?parent=411828"}],"wp:term":[{"taxonomy":"category","embeddable":true,"href":"https:\/\/www.pcnen.com\/portal\/wp-json\/wp\/v2\/categories?post=411828"},{"taxonomy":"post_tag","embeddable":true,"href":"https:\/\/www.pcnen.com\/portal\/wp-json\/wp\/v2\/tags?post=411828"}],"curies":[{"name":"wp","href":"https:\/\/api.w.org\/{rel}","templated":true}]}}