{"id":411824,"date":"2024-09-10T09:22:11","date_gmt":"2024-09-10T07:22:11","guid":{"rendered":"https:\/\/www.pcnen.com\/portal\/?p=411824"},"modified":"2024-09-10T09:22:11","modified_gmt":"2024-09-10T07:22:11","slug":"dw-uvode-se-kontrole-na-svim-njemackim-granicama","status":"publish","type":"post","link":"https:\/\/www.pcnen.com\/portal\/2024\/09\/10\/dw-uvode-se-kontrole-na-svim-njemackim-granicama\/","title":{"rendered":"DW: Uvode se kontrole na svim njema\u010dkim granicama"},"content":{"rendered":"<p>Njema\u010dka ministarka unutra\u0161njih poslova Nensi Fezer je odlu\u010dila da se privremeno pro\u0161ire kontrole na sve njema\u010dke nacionalne granice. Razlozi za to su ograni\u010davanje iregularnih migracija, ali i za\u0161tita unutra\u0161nje bezbjednosti od aktuelnih prijetnji islamisti\u010dkog terorizma i prekograni\u010dnog kriminala, obja\u0161njava Fezer.<\/p>\n<p>Planirano je da dodatne kontrole po\u010dnu 16. septembra, a traja\u0107e, za po\u010detak, \u0161est mjeseci. To zna\u010di da \u0107e \u201ecio paket mjera stacionarne i mobilne grani\u010dne policije postojati na svim granicama, uklju\u010duju\u0107i i mogu\u0107nost odbijanja ulaska u skladu sa evropskim i nacionalnim pravom\u201c, navodi se u saop\u0161tenju njema\u010dkog Ministarstva. Pritom bi, kako se dodaje, uticaj na one koji preko granice odlaze na posao trebalo da bude \u0161to je mogu\u0107e manji, <a href=\"https:\/\/www.dw.com\/sr\/uvode-se-kontrole-na-svim-nema%C4%8Dkim-granicama\/a-70173371\" target=\"_blank\" rel=\"noopener\">prenosi<\/a> DW.<\/p>\n","protected":false},"excerpt":{"rendered":"<p>Planirano je da dodatne kontrole po\u010dnu 16. septembra, a traja\u0107e, za po\u010detak, \u0161est mjeseci<\/p>\n","protected":false},"author":1,"featured_media":304492,"comment_status":"open","ping_status":"closed","sticky":false,"template":"","format":"standard","meta":{"_seopress_robots_primary_cat":"none","_seopress_titles_title":"","_seopress_titles_desc":"","_seopress_robots_index":"","_et_pb_use_builder":"","_et_pb_old_content":"","_et_gb_content_width":"","inline_featured_image":false,"footnotes":""},"categories":[14],"tags":[],"class_list":["post-411824","post","type-post","status-publish","format-standard","has-post-thumbnail","hentry","category-vijesti"],"_links":{"self":[{"href":"https:\/\/www.pcnen.com\/portal\/wp-json\/wp\/v2\/posts\/411824","targetHints":{"allow":["GET"]}}],"collection":[{"href":"https:\/\/www.pcnen.com\/portal\/wp-json\/wp\/v2\/posts"}],"about":[{"href":"https:\/\/www.pcnen.com\/portal\/wp-json\/wp\/v2\/types\/post"}],"author":[{"embeddable":true,"href":"https:\/\/www.pcnen.com\/portal\/wp-json\/wp\/v2\/users\/1"}],"replies":[{"embeddable":true,"href":"https:\/\/www.pcnen.com\/portal\/wp-json\/wp\/v2\/comments?post=411824"}],"version-history":[{"count":1,"href":"https:\/\/www.pcnen.com\/portal\/wp-json\/wp\/v2\/posts\/411824\/revisions"}],"predecessor-version":[{"id":411827,"href":"https:\/\/www.pcnen.com\/portal\/wp-json\/wp\/v2\/posts\/411824\/revisions\/411827"}],"wp:featuredmedia":[{"embeddable":true,"href":"https:\/\/www.pcnen.com\/portal\/wp-json\/wp\/v2\/media\/304492"}],"wp:attachment":[{"href":"https:\/\/www.pcnen.com\/portal\/wp-json\/wp\/v2\/media?parent=411824"}],"wp:term":[{"taxonomy":"category","embeddable":true,"href":"https:\/\/www.pcnen.com\/portal\/wp-json\/wp\/v2\/categories?post=411824"},{"taxonomy":"post_tag","embeddable":true,"href":"https:\/\/www.pcnen.com\/portal\/wp-json\/wp\/v2\/tags?post=411824"}],"curies":[{"name":"wp","href":"https:\/\/api.w.org\/{rel}","templated":true}]}}