{"id":411696,"date":"2024-09-08T21:00:38","date_gmt":"2024-09-08T19:00:38","guid":{"rendered":"https:\/\/www.pcnen.com\/portal\/?p=411696"},"modified":"2024-09-08T22:40:45","modified_gmt":"2024-09-08T20:40:45","slug":"okopnio-durmitorski-lednik-debeli-namet-video","status":"publish","type":"post","link":"https:\/\/www.pcnen.com\/portal\/2024\/09\/08\/okopnio-durmitorski-lednik-debeli-namet-video\/","title":{"rendered":"Okopnio durmitorski lednik Debeli namet (video)"},"content":{"rendered":"<p>Planinar Goran Komar je objavio na svome FB profilu da je Veliki namet na Durmitoru &#8211; okopnio.<\/p>\n<p>&#8220;Bojim se da ga vi\u0161e nema. Valja provjeriti na licu mjesta&#8221;, napisao je planinar Goran Komar i objavio dva videa na kojima se vidi kopnina i manji ostaci leda.<\/p>\n<p><iframe loading=\"lazy\" style=\"border: none; overflow: hidden;\" src=\"https:\/\/www.facebook.com\/plugins\/video.php?height=314&amp;href=https%3A%2F%2Fwww.facebook.com%2Fgoran.komar.3%2Fvideos%2F1315106629471471%2F&amp;show_text=false&amp;width=560&amp;t=0\" width=\"560\" height=\"314\" frameborder=\"0\" scrolling=\"no\" allowfullscreen=\"allowfullscreen\"><\/iframe><\/p>\n<p><iframe loading=\"lazy\" style=\"border: none; overflow: hidden;\" src=\"https:\/\/www.facebook.com\/plugins\/video.php?height=314&amp;href=https%3A%2F%2Fwww.facebook.com%2Fgoran.komar.3%2Fvideos%2F1224574218785729%2F&amp;show_text=false&amp;width=560&amp;t=0\" width=\"560\" height=\"314\" frameborder=\"0\" scrolling=\"no\" allowfullscreen=\"allowfullscreen\"><\/iframe><\/p>\n<p>\u017dablja\u010danin Dejan Dajkovi\u0107 je u komentarima objavio fotografiju Velikog nameta iz septembra lanjske godine.<\/p>\n<p><iframe loading=\"lazy\" style=\"border: none; overflow: hidden;\" src=\"https:\/\/www.facebook.com\/plugins\/post.php?href=https%3A%2F%2Fwww.facebook.com%2Fphoto.php%3Ffbid%3D9144866792206312%26set%3Dp.9144866792206312%26type%3D3&amp;show_text=true&amp;width=500\" width=\"500\" height=\"497\" frameborder=\"0\" scrolling=\"no\" allowfullscreen=\"allowfullscreen\"><\/iframe><\/p>\n<p>Lednik (gle\u010der) Debeli namet na Durmitoru je ostatak nekada\u0161njeg mnogo ve\u0107eg lednika. Konfiguracija terena, pozicija lednika na osojnoj strani, velika koli\u010dina snijega\u00a0 i niska prosje\u010dna temperatura su uticali da je ovaj lednik opstao.<\/p>\n","protected":false},"excerpt":{"rendered":"<p>&#8220;Bojim se da ga vi\u0161e nema. Valja provjeriti na licu mjesta&#8221;, napisao je planinar Goran Komar i objavio dva videa na kojima se vidi kopnina i manji ostaci leda<\/p>\n","protected":false},"author":1,"featured_media":411699,"comment_status":"open","ping_status":"closed","sticky":false,"template":"","format":"standard","meta":{"_seopress_robots_primary_cat":"none","_seopress_titles_title":"","_seopress_titles_desc":"","_seopress_robots_index":"","_et_pb_use_builder":"","_et_pb_old_content":"","_et_gb_content_width":"","inline_featured_image":false,"footnotes":""},"categories":[14],"tags":[],"class_list":["post-411696","post","type-post","status-publish","format-standard","has-post-thumbnail","hentry","category-vijesti"],"_links":{"self":[{"href":"https:\/\/www.pcnen.com\/portal\/wp-json\/wp\/v2\/posts\/411696","targetHints":{"allow":["GET"]}}],"collection":[{"href":"https:\/\/www.pcnen.com\/portal\/wp-json\/wp\/v2\/posts"}],"about":[{"href":"https:\/\/www.pcnen.com\/portal\/wp-json\/wp\/v2\/types\/post"}],"author":[{"embeddable":true,"href":"https:\/\/www.pcnen.com\/portal\/wp-json\/wp\/v2\/users\/1"}],"replies":[{"embeddable":true,"href":"https:\/\/www.pcnen.com\/portal\/wp-json\/wp\/v2\/comments?post=411696"}],"version-history":[{"count":3,"href":"https:\/\/www.pcnen.com\/portal\/wp-json\/wp\/v2\/posts\/411696\/revisions"}],"predecessor-version":[{"id":411706,"href":"https:\/\/www.pcnen.com\/portal\/wp-json\/wp\/v2\/posts\/411696\/revisions\/411706"}],"wp:featuredmedia":[{"embeddable":true,"href":"https:\/\/www.pcnen.com\/portal\/wp-json\/wp\/v2\/media\/411699"}],"wp:attachment":[{"href":"https:\/\/www.pcnen.com\/portal\/wp-json\/wp\/v2\/media?parent=411696"}],"wp:term":[{"taxonomy":"category","embeddable":true,"href":"https:\/\/www.pcnen.com\/portal\/wp-json\/wp\/v2\/categories?post=411696"},{"taxonomy":"post_tag","embeddable":true,"href":"https:\/\/www.pcnen.com\/portal\/wp-json\/wp\/v2\/tags?post=411696"}],"curies":[{"name":"wp","href":"https:\/\/api.w.org\/{rel}","templated":true}]}}