{"id":411687,"date":"2024-09-08T18:19:53","date_gmt":"2024-09-08T16:19:53","guid":{"rendered":"https:\/\/www.pcnen.com\/portal\/?p=411687"},"modified":"2024-09-08T18:20:21","modified_gmt":"2024-09-08T16:20:21","slug":"upozorenje-direktorata-za-zastitu-i-spasavanje-na-nevrijeme","status":"publish","type":"post","link":"https:\/\/www.pcnen.com\/portal\/2024\/09\/08\/upozorenje-direktorata-za-zastitu-i-spasavanje-na-nevrijeme\/","title":{"rendered":"Upozorenje Direktorata za za\u0161titu i spa\u0161avanje na nevrijeme"},"content":{"rendered":"<p>Na osnovu upozorenja Zavoda za hidrometeorologiju i seizmologiju Crne Gore (ZHMS) obavje\u0161tavamo javnost da \u0107e hladni vazduh sa sjeverozapada i topli-vla\u017eni sa vodenih povr\u0161ina uslovitu formiranje ciklona iznad sjevernog Jadrana i sjevara Italije i jakih frontalnih talasa preko Balkanskog i Apeninskog poluostrva.<\/p>\n<p>Tokom naredne nedjelje o\u010dekuju nas jesenji dani pra\u0107eni \u010destom ki\u0161om, pljuskovima i grmljavinom, naro\u010dito tokom ponedjeljka i petka, kada \u0107e u ve\u0107ini mjesta biti obilnih padavina, a lokalno\u00a0 su mogu\u0107e i buji\u010dne\u00a0 poplave. Na pojedinim lokacijama u ju\u017enom i centralnom djelu dr\u017eave mo\u017ee pasti 150-200 lit\/m2. Manja ki\u0161a \u0107e pasti u utorak i \u010detvrtak, o\u010dekuju se manje padavine i tokom sljede\u0107eg vikenda, naro\u010dito u subotu prijepodne.<\/p>\n<p>U ponedjeljak, \u010detvrtak i petak duva\u0107e umjeren do jak ju\u017eni, a u utorak i za vikend, ponegdje umjeren do poja\u010dan sjeverni vjetar, u zoni grmljavinskih oblaka mogu\u0107e na udare veoma jak ili olujne ja\u010dine.<\/p>\n<p>Bi\u0107e osjetno ni\u017ee temperature, \u0161to uslovljava kraj dugotrajnih ljetnjih vru\u0107ina, pi\u0161e u saop\u0161tenju<\/p>\n<p>Direktorat za za\u0161titu i spa\u0161avanje MUP-a poslao je navedeno upozorenje svim u\u010desnicima u sistemu za\u0161tite i spa\u0161avanja.<\/p>\n","protected":false},"excerpt":{"rendered":"<p>Na osnovu upozorenja Zavoda za hidrometeorologiju i seizmologiju Crne Gore (ZHMS) obavje\u0161tavamo javnost da \u0107e hladni vazduh sa sjeverozapada i topli-vla\u017eni sa vodenih povr\u0161ina uslovitu formiranje ciklona iznad sjevernog Jadrana i sjevara Italije i jakih frontalnih talasa preko Balkanskog i Apeninskog poluostrva.<\/p>\n","protected":false},"author":1,"featured_media":273945,"comment_status":"open","ping_status":"closed","sticky":false,"template":"","format":"standard","meta":{"_seopress_robots_primary_cat":"none","_seopress_titles_title":"","_seopress_titles_desc":"","_seopress_robots_index":"","_et_pb_use_builder":"","_et_pb_old_content":"","_et_gb_content_width":"","inline_featured_image":false,"footnotes":""},"categories":[14],"tags":[],"class_list":["post-411687","post","type-post","status-publish","format-standard","has-post-thumbnail","hentry","category-vijesti"],"_links":{"self":[{"href":"https:\/\/www.pcnen.com\/portal\/wp-json\/wp\/v2\/posts\/411687","targetHints":{"allow":["GET"]}}],"collection":[{"href":"https:\/\/www.pcnen.com\/portal\/wp-json\/wp\/v2\/posts"}],"about":[{"href":"https:\/\/www.pcnen.com\/portal\/wp-json\/wp\/v2\/types\/post"}],"author":[{"embeddable":true,"href":"https:\/\/www.pcnen.com\/portal\/wp-json\/wp\/v2\/users\/1"}],"replies":[{"embeddable":true,"href":"https:\/\/www.pcnen.com\/portal\/wp-json\/wp\/v2\/comments?post=411687"}],"version-history":[{"count":2,"href":"https:\/\/www.pcnen.com\/portal\/wp-json\/wp\/v2\/posts\/411687\/revisions"}],"predecessor-version":[{"id":411691,"href":"https:\/\/www.pcnen.com\/portal\/wp-json\/wp\/v2\/posts\/411687\/revisions\/411691"}],"wp:featuredmedia":[{"embeddable":true,"href":"https:\/\/www.pcnen.com\/portal\/wp-json\/wp\/v2\/media\/273945"}],"wp:attachment":[{"href":"https:\/\/www.pcnen.com\/portal\/wp-json\/wp\/v2\/media?parent=411687"}],"wp:term":[{"taxonomy":"category","embeddable":true,"href":"https:\/\/www.pcnen.com\/portal\/wp-json\/wp\/v2\/categories?post=411687"},{"taxonomy":"post_tag","embeddable":true,"href":"https:\/\/www.pcnen.com\/portal\/wp-json\/wp\/v2\/tags?post=411687"}],"curies":[{"name":"wp","href":"https:\/\/api.w.org\/{rel}","templated":true}]}}