{"id":411682,"date":"2024-09-08T16:10:40","date_gmt":"2024-09-08T14:10:40","guid":{"rendered":"https:\/\/www.pcnen.com\/portal\/?p=411682"},"modified":"2024-09-08T16:10:40","modified_gmt":"2024-09-08T14:10:40","slug":"hitlerov-majn-kampf-u-srbiji-u-slobodnoj-prodaji","status":"publish","type":"post","link":"https:\/\/www.pcnen.com\/portal\/2024\/09\/08\/hitlerov-majn-kampf-u-srbiji-u-slobodnoj-prodaji\/","title":{"rendered":"Hitlerov Majn kampf u Srbiji u slobodnoj prodaji"},"content":{"rendered":"<p>Knjiga &#8220;Majn kampf&#8221; (Moja borba), antisemitsko djelo i politi\u010dki manifest Adolfa Hitlera, slobodno se prodaje u Srbiji, ima je u velikom broju knji\u017eara, \u0161tampaju je dvije izdava\u010dke ku\u0107e.<\/p>\n<p>Godi\u0161nje se, ka\u017eu izdava\u010di, proda oko hiljadu primjeraka, a naj\u010de\u0161\u0107i kupci su mladi\u0107i od 15 do 20 godina.<\/p>\n<p>Decenijama se \u0161irom svijeta raspravlja o tome treba li ovu &#8220;knjigu zla&#8221; zabraniti, ali su i po tom pitanju mi\u0161ljenja podijeljena &#8211; dok su jedni za apsolutnu zabranu, drugi smatraju da je to cenzura i kontraproduktivan \u010din, kojim bi se samo pove\u0107ala tra\u017enja, prenosi Insajder.<\/p>\n<p>Kao jedno od mogu\u0107ih re\u0161enja se prije desetak godina pojavilo ba\u0161 u Njema\u010dkoj, u kojoj je 70 godina bilo onemogu\u0107eno \u0161tampanje ovog djela, i to zahvaljuju\u0107i bavarskoj vladi koja je imala autorska prava. Po\u0161to su sedam decenija nakon Hitlerove smrti istekla ta prava, 2016. godine je \u0161tampano novo izdanje, ali ne tek tako, ve\u0107 kao kriti\u010dko izdanje koje je pra\u0107eno hiljadama nau\u010dnih komentara i fusnota.<\/p>\n<p>U Srbiji se, me\u0111utim, &#8220;Majn kampf&#8221; \u0161tampa u originalu jer, kako navodi jedan od izdava\u010da, &#8220;istorija i Drugi svjetski rat su ve\u0107 sve rekli&#8221;.<\/p>\n<p>&#8220;Zato smo se odlu\u010dili da je \u0161tampamo izvorno, onako kako je Hitler i napisao, bez na\u0161ih komentara, bez bilo kakvog uvoda ili pogovora. Tek sirovi tekst prepun ksenofobije, mizoginije, mr\u017enje prema svemu druga\u010dijem. Pro\u010ditajte i donesite svoj sud&#8221;, navodi izdava\u010d \u010dija se knjiga nalazi u velikom broju knji\u017eara u Srbij<a href=\"https:\/\/insajder.net\/teme\/treba-li-zabraniti-sirenje-hitlerove-knjige-majn-kampf-u-srbiji-se-slobodno-prodaje-najmladi-kupci-imaju-tek-15-godina\">i,\u00a0 prenosi Insajder.<\/a><\/p>\n","protected":false},"excerpt":{"rendered":"<p>Knjiga &#8220;Majn kampf&#8221; (Moja borba), antisemitsko djelo i politi\u010dki manifest Adolfa Hitlera, slobodno se prodaje u Srbiji, ima je u velikom broju knji\u017eara, \u0161tampaju je dvije izdava\u010dke ku\u0107e.<\/p>\n","protected":false},"author":1,"featured_media":411685,"comment_status":"open","ping_status":"closed","sticky":false,"template":"","format":"standard","meta":{"_seopress_robots_primary_cat":"none","_seopress_titles_title":"","_seopress_titles_desc":"","_seopress_robots_index":"","_et_pb_use_builder":"","_et_pb_old_content":"","_et_gb_content_width":"","inline_featured_image":false,"footnotes":""},"categories":[14],"tags":[],"class_list":["post-411682","post","type-post","status-publish","format-standard","has-post-thumbnail","hentry","category-vijesti"],"_links":{"self":[{"href":"https:\/\/www.pcnen.com\/portal\/wp-json\/wp\/v2\/posts\/411682","targetHints":{"allow":["GET"]}}],"collection":[{"href":"https:\/\/www.pcnen.com\/portal\/wp-json\/wp\/v2\/posts"}],"about":[{"href":"https:\/\/www.pcnen.com\/portal\/wp-json\/wp\/v2\/types\/post"}],"author":[{"embeddable":true,"href":"https:\/\/www.pcnen.com\/portal\/wp-json\/wp\/v2\/users\/1"}],"replies":[{"embeddable":true,"href":"https:\/\/www.pcnen.com\/portal\/wp-json\/wp\/v2\/comments?post=411682"}],"version-history":[{"count":1,"href":"https:\/\/www.pcnen.com\/portal\/wp-json\/wp\/v2\/posts\/411682\/revisions"}],"predecessor-version":[{"id":411686,"href":"https:\/\/www.pcnen.com\/portal\/wp-json\/wp\/v2\/posts\/411682\/revisions\/411686"}],"wp:featuredmedia":[{"embeddable":true,"href":"https:\/\/www.pcnen.com\/portal\/wp-json\/wp\/v2\/media\/411685"}],"wp:attachment":[{"href":"https:\/\/www.pcnen.com\/portal\/wp-json\/wp\/v2\/media?parent=411682"}],"wp:term":[{"taxonomy":"category","embeddable":true,"href":"https:\/\/www.pcnen.com\/portal\/wp-json\/wp\/v2\/categories?post=411682"},{"taxonomy":"post_tag","embeddable":true,"href":"https:\/\/www.pcnen.com\/portal\/wp-json\/wp\/v2\/tags?post=411682"}],"curies":[{"name":"wp","href":"https:\/\/api.w.org\/{rel}","templated":true}]}}