{"id":411672,"date":"2024-09-08T10:47:12","date_gmt":"2024-09-08T08:47:12","guid":{"rendered":"https:\/\/www.pcnen.com\/portal\/?p=411672"},"modified":"2024-09-08T10:47:52","modified_gmt":"2024-09-08T08:47:52","slug":"camgozu-za-18-septembar-zakazano-sudjenje-u-podgorici","status":"publish","type":"post","link":"https:\/\/www.pcnen.com\/portal\/2024\/09\/08\/camgozu-za-18-septembar-zakazano-sudjenje-u-podgorici\/","title":{"rendered":"\u010camgozu za 18. septembar zakazano su\u0111enje u Podgorici"},"content":{"rendered":"<p>Su\u0111enje turskom dr\u017eavljaninu Binaliju \u010camgozu zakazano je za 18. septembar u Osnovnom sudu u Podgorici, iako je on 28. avgusta izru\u010den Turskoj, nakon \u0161to je ministar pravde Bojan Bo\u017eovi\u0107 preina\u010dio odluku svog prethodnika na funkciji Andreja Milovi\u0107a, koji je ranije odbio izru\u010denje,<a href=\"https:\/\/www.dan.co.me\/vijesti\/hronika\/camgozu-za-18-septembar-zakazano-sudenje-u-podgorici-5258337\"> pi\u0161e portal Dan.<\/a><\/p>\n<p>Iz Osnovnog suda u Podgorici saop\u0161tili su da im nije poznat stav tu\u017eila\u0161tva povodom optu\u017ebi protiv \u010camgoza za falsifikovanje nakon njegovog izru\u010denja.<\/p>\n<p>&#8220;U predmetu protiv okrivljenog Binalija \u010camgoza, koji je u toku pred ovim sudom, glavni pretres je zakazan za 18.9.2024. godine, u 10 \u010dasova, pri \u010demu stav tu\u017eila\u0161tva u odnosu na navedeni postupak sudu zasad nije poznat, a u vezi sa novonastalom situacijom koja se ti\u010de izru\u010denja ovog okrivljenog Republici Turskoj&#8221;, saop\u0161tili su iz Osnovnog suda za &#8220;Dan&#8221;.<\/p>\n<p>Crnogorska policija uhapsila je \u010camgoza 31. januara zbog sumnje da je po\u010dinio krivi\u010dno djelo navo\u0111enje na ovjeravanje neistinitog sadr\u017eaja.<\/p>\n<p>Iz MUP-a su tada saop\u0161tili da se osnovano sumnja da je \u010camgoz tokom 2022. godine, prilikom osnivanja preduze\u0107a Lion &amp; d.o.o Budva, posredstvom jedne knjigovodstvene agencije iz Budve, kod Centralnog registra privrednih subjekata u Podgorici, kao pravu upotrijebio la\u017enu tursku ispravu sa njegovom fotografijom, sa imenom Mehmet Alibajhan, \u010dime je doveo u zabludu dr\u017eavne slu\u017ebenike Centralnog registra privrednih subjekata u Podgorici, koji su donijeli rje\u0161enje o registraciji nazna\u010denog privrednog dru\u0161tva.<\/p>\n<p>Nakon podno\u0161enja krivi\u010dne prijave, iz policije su podsjetili da je \u010camgoz prvo izvr\u0161io krivi\u010dno djelo falsifikovanje isprave, za koje je u Crnoj Gori pravosna\u017eno osu\u0111en, a potom je koriste\u0107i isti dokument izvr\u0161io niz krivi\u010dnih djela, i to dovo\u0111enjem u zabludu organa za sprovo\u0111enje zakona.<\/p>\n<p>\u010camgoz je pred tu\u017eiocem negirao krivicu, isti\u010du\u0107i da je u odnosu na iste optu\u017ebe pred Osnovim sudom u Podgorici ve\u0107 osu\u0111en na kaznu zatvora u trajanju od tri mjeseca. I njegovi branioci su tada ukazali da mu ne mo\u017ee biti ponovo su\u0111eno za isto djelo.<\/p>\n<p>\u010camgoz je prvi put uhap\u0161en 6. jula 2022. godine u Podgorici, a iz Uprave policije tada je saop\u0161teno da je kod sebe imao falsifikovani paso\u0161 na ime Mehmet Ali Bayhan.<\/p>\n<blockquote class=\"wp-embedded-content\" data-secret=\"QVsLK25Gy5\"><p><a href=\"https:\/\/www.pcnen.com\/portal\/2024\/08\/29\/binali-camgoz-izrucen-turskoj\/\">Binali \u010camgoz izru\u010den Turskoj<\/a><\/p><\/blockquote>\n<p><iframe loading=\"lazy\" class=\"wp-embedded-content\" sandbox=\"allow-scripts\" security=\"restricted\" style=\"position: absolute; visibility: hidden;\" title=\"&#8220;Binali \u010camgoz izru\u010den Turskoj&#8221; &#8212; PCNEN\" src=\"https:\/\/www.pcnen.com\/portal\/2024\/08\/29\/binali-camgoz-izrucen-turskoj\/embed\/#?secret=M4xqcbnUsM#?secret=QVsLK25Gy5\" data-secret=\"QVsLK25Gy5\" width=\"600\" height=\"338\" frameborder=\"0\" marginwidth=\"0\" marginheight=\"0\" scrolling=\"no\"><\/iframe><\/p>\n","protected":false},"excerpt":{"rendered":"<p>Su\u0111enje turskom dr\u017eavljaninu Binaliju \u010camgozu zakazano je za 18. septembar u Osnovnom sudu u Podgorici, iako je on 28. avgusta izru\u010den Turskoj, nakon \u0161to je ministar pravde Bojan Bo\u017eovi\u0107 preina\u010dio odluku svog prethodnika na funkciji Andreja Milovi\u0107a, koji je ranije odbio izru\u010denje, pi\u0161e portal Dan.<\/p>\n","protected":false},"author":1,"featured_media":411675,"comment_status":"open","ping_status":"closed","sticky":false,"template":"","format":"standard","meta":{"_seopress_robots_primary_cat":"none","_seopress_titles_title":"","_seopress_titles_desc":"","_seopress_robots_index":"","_et_pb_use_builder":"","_et_pb_old_content":"","_et_gb_content_width":"","inline_featured_image":false,"footnotes":""},"categories":[14],"tags":[],"class_list":["post-411672","post","type-post","status-publish","format-standard","has-post-thumbnail","hentry","category-vijesti"],"_links":{"self":[{"href":"https:\/\/www.pcnen.com\/portal\/wp-json\/wp\/v2\/posts\/411672","targetHints":{"allow":["GET"]}}],"collection":[{"href":"https:\/\/www.pcnen.com\/portal\/wp-json\/wp\/v2\/posts"}],"about":[{"href":"https:\/\/www.pcnen.com\/portal\/wp-json\/wp\/v2\/types\/post"}],"author":[{"embeddable":true,"href":"https:\/\/www.pcnen.com\/portal\/wp-json\/wp\/v2\/users\/1"}],"replies":[{"embeddable":true,"href":"https:\/\/www.pcnen.com\/portal\/wp-json\/wp\/v2\/comments?post=411672"}],"version-history":[{"count":2,"href":"https:\/\/www.pcnen.com\/portal\/wp-json\/wp\/v2\/posts\/411672\/revisions"}],"predecessor-version":[{"id":411677,"href":"https:\/\/www.pcnen.com\/portal\/wp-json\/wp\/v2\/posts\/411672\/revisions\/411677"}],"wp:featuredmedia":[{"embeddable":true,"href":"https:\/\/www.pcnen.com\/portal\/wp-json\/wp\/v2\/media\/411675"}],"wp:attachment":[{"href":"https:\/\/www.pcnen.com\/portal\/wp-json\/wp\/v2\/media?parent=411672"}],"wp:term":[{"taxonomy":"category","embeddable":true,"href":"https:\/\/www.pcnen.com\/portal\/wp-json\/wp\/v2\/categories?post=411672"},{"taxonomy":"post_tag","embeddable":true,"href":"https:\/\/www.pcnen.com\/portal\/wp-json\/wp\/v2\/tags?post=411672"}],"curies":[{"name":"wp","href":"https:\/\/api.w.org\/{rel}","templated":true}]}}