{"id":411667,"date":"2024-09-08T10:04:13","date_gmt":"2024-09-08T08:04:13","guid":{"rendered":"https:\/\/www.pcnen.com\/portal\/?p=411667"},"modified":"2024-09-08T10:05:52","modified_gmt":"2024-09-08T08:05:52","slug":"sve-vise-mladih-u-evropi-preko-drustvenih-mreza-ukljuceno-u-terorizam","status":"publish","type":"post","link":"https:\/\/www.pcnen.com\/portal\/2024\/09\/08\/sve-vise-mladih-u-evropi-preko-drustvenih-mreza-ukljuceno-u-terorizam\/","title":{"rendered":"Sve vi\u0161e mladih u Evropi preko dru\u0161tvenih mre\u017ea uklju\u010deno u terorizam"},"content":{"rendered":"<p>Sve vi\u0161e mladih u Evropi uklju\u010deno je u terorizam i radikalizaciju preko dru\u0161tvenih mre\u017ea, pokazuju najnovija istra\u017eivanja.<\/p>\n<p>Prema podacima Europola tokom poslednje dvije godine zabilje\u017eeno je \u010detvorostruko pove\u0107anje broja napada i planiranih napada, objavio je NL Tajms.<\/p>\n<p>Prema podacima Europola, tokom poslednjih \u0161est mjeseci, dvije tre\u0107ine od 61 uhap\u0161enog osumnji\u010denog za terorizam bilo je mla\u0111e od 19 godina.<\/p>\n<p>Jedan od najmla\u0111ih osumnji\u010denih za terorizam je 14-ogodi\u0161njak, prenosi Tanjug.<\/p>\n<p>Razlog za tu zabrinjavaju\u0107u pojavu je internet gdje djeca mogu slobodno da pristupe sadr\u017eajima koji pozivaju na nasilje i napade, a dr\u017eavni tu\u017eioci i organi za za\u0161titu djece ve\u0107 dvije godine primje\u0107uju trend porasta nasilja me\u0111u mladima.<\/p>\n<p>Prema podacima holandskog dr\u017eavnog tu\u017eila\u0161tva, sve vi\u0161e maloljetnika je osumnji\u010deno za desetine slu\u010dajeva te\u0161kog nasilja i terorizma tokom poslednje dvije godine.<\/p>\n<p>Tri koncerta ameri\u010dke peva\u010dice Tejlor Svift u Be\u010du, koja su bila planirana za po\u010detak avgusta, otkazana su zbog teroristi\u010dke prijetnje. Prema austrijskim istragama, navodno je 19-ogodi\u0161njak planirao da izvr\u0161i teroristi\u010dki napad, a bio je \u010dlan Islamske dr\u017eave.<\/p>\n","protected":false},"excerpt":{"rendered":"<p>Sve vi\u0161e mladih u Evropi uklju\u010deno je u terorizam i radikalizaciju preko dru\u0161tvenih mre\u017ea, pokazuju najnovija istra\u017eivanja.<\/p>\n","protected":false},"author":1,"featured_media":378485,"comment_status":"open","ping_status":"closed","sticky":false,"template":"","format":"standard","meta":{"_seopress_robots_primary_cat":"none","_seopress_titles_title":"","_seopress_titles_desc":"","_seopress_robots_index":"","_et_pb_use_builder":"","_et_pb_old_content":"","_et_gb_content_width":"","inline_featured_image":false,"footnotes":""},"categories":[14],"tags":[],"class_list":["post-411667","post","type-post","status-publish","format-standard","has-post-thumbnail","hentry","category-vijesti"],"_links":{"self":[{"href":"https:\/\/www.pcnen.com\/portal\/wp-json\/wp\/v2\/posts\/411667","targetHints":{"allow":["GET"]}}],"collection":[{"href":"https:\/\/www.pcnen.com\/portal\/wp-json\/wp\/v2\/posts"}],"about":[{"href":"https:\/\/www.pcnen.com\/portal\/wp-json\/wp\/v2\/types\/post"}],"author":[{"embeddable":true,"href":"https:\/\/www.pcnen.com\/portal\/wp-json\/wp\/v2\/users\/1"}],"replies":[{"embeddable":true,"href":"https:\/\/www.pcnen.com\/portal\/wp-json\/wp\/v2\/comments?post=411667"}],"version-history":[{"count":2,"href":"https:\/\/www.pcnen.com\/portal\/wp-json\/wp\/v2\/posts\/411667\/revisions"}],"predecessor-version":[{"id":411671,"href":"https:\/\/www.pcnen.com\/portal\/wp-json\/wp\/v2\/posts\/411667\/revisions\/411671"}],"wp:featuredmedia":[{"embeddable":true,"href":"https:\/\/www.pcnen.com\/portal\/wp-json\/wp\/v2\/media\/378485"}],"wp:attachment":[{"href":"https:\/\/www.pcnen.com\/portal\/wp-json\/wp\/v2\/media?parent=411667"}],"wp:term":[{"taxonomy":"category","embeddable":true,"href":"https:\/\/www.pcnen.com\/portal\/wp-json\/wp\/v2\/categories?post=411667"},{"taxonomy":"post_tag","embeddable":true,"href":"https:\/\/www.pcnen.com\/portal\/wp-json\/wp\/v2\/tags?post=411667"}],"curies":[{"name":"wp","href":"https:\/\/api.w.org\/{rel}","templated":true}]}}