{"id":411619,"date":"2024-09-07T17:49:07","date_gmt":"2024-09-07T15:49:07","guid":{"rendered":"https:\/\/www.pcnen.com\/portal\/?p=411619"},"modified":"2024-09-07T17:49:07","modified_gmt":"2024-09-07T15:49:07","slug":"pocela-parada-ponosa-u-beogradu","status":"publish","type":"post","link":"https:\/\/www.pcnen.com\/portal\/2024\/09\/07\/pocela-parada-ponosa-u-beogradu\/","title":{"rendered":"Po\u010dela Parada ponosa u Beogradu"},"content":{"rendered":"<p>Nakon okupljanja u parku Manje\u017e, po\u010dela je tradicionalna \u0161etnja Nemanjinom ulicom do Vlade Srbije, zatim kroz Kneza Milo\u0161a, Kralja Milana, pa pored Trga Nikole Pa\u0161i\u0107a i Skup\u0161tine Srbije i nazad kroz Kneza Milo\u0161a ka parku.<\/p>\n<p>Na \u010delu kolone nalazi se transparent sa parolom &#8220;Ponos su ljudi&#8221;.<\/p>\n<p>Okupljeni gra\u0111ani nose transparante s natpisima &#8220;Homofobija je tako dosadna&#8221;, &#8220;Mi nismo zbunjeni&#8221;, &#8220;Bitni smo&#8221;, &#8220;Ljubav pobe\u0111uje&#8221;.<\/p>\n<p>Ministarke Jelena Begovi\u0107 i Tanja Mi\u0161\u010devi\u0107 su na Prajdu, saop\u0161tili su organizatori. Tu je i ministar za ljudska i manjinska prava Tomislav \u017digmanov.<\/p>\n<p>Do\u0161li su i predstavnici opozicije Zoran Lutovac, Jelene Jerini\u0107, Stefan Simi\u0107.<\/p>\n<p>Kuma Beograd prajda Zejna Murki\u0107 rekla je da \u0107e danas pokrenuti mar\u0161 koji \u0107e da donese zabavu, ali se nada sa \u0107e ljudima doneti ostvarenje zahteva koje tra\u017ee.<\/p>\n<p>Upitana kako je biti kuma Prajda, rekla je da je kao \u010dovjek sre\u0107na i da joj zna\u010di to \u0161to su joj ljudi pru\u017eili \u0161ansu i poverenje za takvu odgovornost, prenosi Beta.<\/p>\n<p>U centru Beograda je raspore\u0111en veliki broj pripadnika policije.<\/p>\n<p>\u010clan Organizacionog odbora Beograd prajda Filip Vulovi\u0107 izjavio je uo\u010di \u0161etnje da &#8220;sve proti\u010de u redu&#8221; i da je policija &#8220;kooperativna&#8221; sa organizatorima.<\/p>\n<p>Saobra\u0107aj je obustavljen u De\u010danskoj ulici u smjeru ka Skup\u0161tini Srbiji, od Trga Republike do Trga Slavija, u Ulici kneza Milo\u0161a do Mostarske petlje i svim ulicama koje vode do parka Manje\u017e.<\/p>\n","protected":false},"excerpt":{"rendered":"<p>Nakon okupljanja u parku Manje\u017e, po\u010dela je tradicionalna \u0161etnja Nemanjinom ulicom do Vlade Srbije, zatim kroz Kneza Milo\u0161a, Kralja Milana, pa pored Trga Nikole Pa\u0161i\u0107a i Skup\u0161tine Srbije i nazad kroz Kneza Milo\u0161a ka parku.<\/p>\n","protected":false},"author":1,"featured_media":411622,"comment_status":"open","ping_status":"closed","sticky":false,"template":"","format":"standard","meta":{"_seopress_robots_primary_cat":"none","_seopress_titles_title":"","_seopress_titles_desc":"","_seopress_robots_index":"","_et_pb_use_builder":"","_et_pb_old_content":"","_et_gb_content_width":"","inline_featured_image":false,"footnotes":""},"categories":[14],"tags":[],"class_list":["post-411619","post","type-post","status-publish","format-standard","has-post-thumbnail","hentry","category-vijesti"],"_links":{"self":[{"href":"https:\/\/www.pcnen.com\/portal\/wp-json\/wp\/v2\/posts\/411619","targetHints":{"allow":["GET"]}}],"collection":[{"href":"https:\/\/www.pcnen.com\/portal\/wp-json\/wp\/v2\/posts"}],"about":[{"href":"https:\/\/www.pcnen.com\/portal\/wp-json\/wp\/v2\/types\/post"}],"author":[{"embeddable":true,"href":"https:\/\/www.pcnen.com\/portal\/wp-json\/wp\/v2\/users\/1"}],"replies":[{"embeddable":true,"href":"https:\/\/www.pcnen.com\/portal\/wp-json\/wp\/v2\/comments?post=411619"}],"version-history":[{"count":1,"href":"https:\/\/www.pcnen.com\/portal\/wp-json\/wp\/v2\/posts\/411619\/revisions"}],"predecessor-version":[{"id":411623,"href":"https:\/\/www.pcnen.com\/portal\/wp-json\/wp\/v2\/posts\/411619\/revisions\/411623"}],"wp:featuredmedia":[{"embeddable":true,"href":"https:\/\/www.pcnen.com\/portal\/wp-json\/wp\/v2\/media\/411622"}],"wp:attachment":[{"href":"https:\/\/www.pcnen.com\/portal\/wp-json\/wp\/v2\/media?parent=411619"}],"wp:term":[{"taxonomy":"category","embeddable":true,"href":"https:\/\/www.pcnen.com\/portal\/wp-json\/wp\/v2\/categories?post=411619"},{"taxonomy":"post_tag","embeddable":true,"href":"https:\/\/www.pcnen.com\/portal\/wp-json\/wp\/v2\/tags?post=411619"}],"curies":[{"name":"wp","href":"https:\/\/api.w.org\/{rel}","templated":true}]}}