{"id":411615,"date":"2024-09-07T16:46:41","date_gmt":"2024-09-07T14:46:41","guid":{"rendered":"https:\/\/www.pcnen.com\/portal\/?p=411615"},"modified":"2024-09-07T16:46:41","modified_gmt":"2024-09-07T14:46:41","slug":"velika-vjerovatnoca-da-dio-mlijeka-zarazenih-grla-zavrsava-u-siru","status":"publish","type":"post","link":"https:\/\/www.pcnen.com\/portal\/2024\/09\/07\/velika-vjerovatnoca-da-dio-mlijeka-zarazenih-grla-zavrsava-u-siru\/","title":{"rendered":"Velika vjerovatno\u0107a da dio mlijeka zara\u017eenih grla zavr\u0161ava u siru"},"content":{"rendered":"<p>Udru\u017eenje sto\u010dara Danilovgrad je saop\u0161tilo danas da u du\u017eem vremenskom periodu ukazuju nadle\u017enim institucijama i javnosti na neznanje, nestru\u010dnost i nesavjestan rad rukovode\u0107ih ljudi u Ministarstvu poljoprivrede i druguh institucija u oblasti agrara.<\/p>\n<p>\u201cPoslednji u nizu propusta desio se u slu\u010daju pojave i \u0161irenja Q groznice u Crnoj Gori. Tako da danas imamo situaciju da moramo eutanazirati vi\u0161e stotina visoko kvalitetnih muznih grla stoke, \u0161to prouzrokuje direktnu vi\u0161emilionsku \u0161tetu po bud\u017eet Crne Gore, a mnogostruko ve\u0107u \u0161tetu po bud\u017eet i onako osiroma\u0161enih sto\u010dara Crne Gore\u201d, naveli su u saop\u0161tenju.<\/p>\n<p>Isto se mo\u017ee re\u0107i i za, kako ka\u017eu, rukovodstvo lokalnih uprava Nik\u0161i\u0107a i Danilovgrada, koje su svojim djelovanjem, nestru\u010dnim i nesavjesnim radom ugrozile zdravlje stanovni\u0161tva, a sigurni smo i dalje \u0161irenje zaraze, prenosi Adria TV.<\/p>\n<p>Tako\u0111e, ukazuju na propust u radu nadle\u017enih organa kada je u pitanju kontrola \u0161irenja zaraze, jer postoji velika vjerovatno\u0107a da dio mlijeka od zara\u017eenih grla zavr\u0161ava u rafovima prodavnica u vidu sira i drugih prera\u0111evina \u010dija proizvodnja ne zahtijeva njegovu pasterizaciju.<\/p>\n<p>\u201cZbog svega navedenog pozivamo nadle\u017ene u odgovornim institucijama da je najmanje sto mogu, podnesu ostavku, a nadle\u017ene u tu\u017eila\u0161tvu da se pozabave ovim slu\u010dajem. U koliko se i preko ovoga predje kao da se nije desilo ni\u0161ta, crnogorsko sto\u010darstvo i cjelukopna poljoprivredna proizvodnja bi\u0107e desetkovana, sto je mo\u017eda nekome i cilj\u201d, zaklju\u010duje se u saop\u0161tenju koje potpisuje sekretar Vlado Laki\u0107.<\/p>\n","protected":false},"excerpt":{"rendered":"<p>Udru\u017eenje sto\u010dara Danilovgrad je saop\u0161tilo danas da u du\u017eem vremenskom periodu ukazuju nadle\u017enim institucijama i javnosti na neznanje, nestru\u010dnost i nesavjestan rad rukovode\u0107ih ljudi u Ministarstvu poljoprivrede i druguh institucija u oblasti agrara.<\/p>\n","protected":false},"author":1,"featured_media":399241,"comment_status":"open","ping_status":"closed","sticky":false,"template":"","format":"standard","meta":{"_seopress_robots_primary_cat":"none","_seopress_titles_title":"","_seopress_titles_desc":"","_seopress_robots_index":"","_et_pb_use_builder":"","_et_pb_old_content":"","_et_gb_content_width":"","inline_featured_image":false,"footnotes":""},"categories":[14],"tags":[],"class_list":["post-411615","post","type-post","status-publish","format-standard","has-post-thumbnail","hentry","category-vijesti"],"_links":{"self":[{"href":"https:\/\/www.pcnen.com\/portal\/wp-json\/wp\/v2\/posts\/411615","targetHints":{"allow":["GET"]}}],"collection":[{"href":"https:\/\/www.pcnen.com\/portal\/wp-json\/wp\/v2\/posts"}],"about":[{"href":"https:\/\/www.pcnen.com\/portal\/wp-json\/wp\/v2\/types\/post"}],"author":[{"embeddable":true,"href":"https:\/\/www.pcnen.com\/portal\/wp-json\/wp\/v2\/users\/1"}],"replies":[{"embeddable":true,"href":"https:\/\/www.pcnen.com\/portal\/wp-json\/wp\/v2\/comments?post=411615"}],"version-history":[{"count":1,"href":"https:\/\/www.pcnen.com\/portal\/wp-json\/wp\/v2\/posts\/411615\/revisions"}],"predecessor-version":[{"id":411618,"href":"https:\/\/www.pcnen.com\/portal\/wp-json\/wp\/v2\/posts\/411615\/revisions\/411618"}],"wp:featuredmedia":[{"embeddable":true,"href":"https:\/\/www.pcnen.com\/portal\/wp-json\/wp\/v2\/media\/399241"}],"wp:attachment":[{"href":"https:\/\/www.pcnen.com\/portal\/wp-json\/wp\/v2\/media?parent=411615"}],"wp:term":[{"taxonomy":"category","embeddable":true,"href":"https:\/\/www.pcnen.com\/portal\/wp-json\/wp\/v2\/categories?post=411615"},{"taxonomy":"post_tag","embeddable":true,"href":"https:\/\/www.pcnen.com\/portal\/wp-json\/wp\/v2\/tags?post=411615"}],"curies":[{"name":"wp","href":"https:\/\/api.w.org\/{rel}","templated":true}]}}