{"id":411611,"date":"2024-09-07T15:16:10","date_gmt":"2024-09-07T13:16:10","guid":{"rendered":"https:\/\/www.pcnen.com\/portal\/?p=411611"},"modified":"2024-09-07T15:16:10","modified_gmt":"2024-09-07T13:16:10","slug":"u-avgustu-registrovana-863-nova-slucaja-korone-preminule-tri-osobe","status":"publish","type":"post","link":"https:\/\/www.pcnen.com\/portal\/2024\/09\/07\/u-avgustu-registrovana-863-nova-slucaja-korone-preminule-tri-osobe\/","title":{"rendered":"U avgustu registrovana 863 nova slu\u010daja korone, preminule tri osobe"},"content":{"rendered":"<p>U Crnoj Gori su, u avgustu, od posljedica koronavirusa preminule tri osobe, a registrovana su 863 nova slu\u010daja infekcije, saop\u0161teno je iz Instituta za javno zdravlje (IJZ).<\/p>\n<p>Iz te zdravstvene ustanove agenciji Mina su kazali da su u avgustu javne zdravstvene ustanove testirale 4.924 osobe.<\/p>\n<p>&#8220;Od toga broja, kod 863 je potvr\u0111ena infekcija SARS-CoV 2. Udio pozitivnih slu\u010dajeva u ukupnom broju testiranih u javnim zdravstvenim ustanovama iznosio je 17,52 odsto\u201c, rekli su iz IJZ.<\/p>\n<p>Oni su naveli da su IJZ-u, tokom avgusta, prijavljena tri smrtna ishoda usljed obolijevanja od COVID-19.<\/p>\n<p>Kako se dodaje, radi se o osobama iznad 70 godina, iz Podgorice, Herceg Novog i Budve.<\/p>\n<p>\u201eNa osnovu informacija dostupnih IJZ-u, bez obzira na porast broja slu\u010dajeva COVID19 nije registrovan porast udjela te\u0161kih formi bolesti me\u0111u inficiranima\u201c, kazali su iz Instituta.<\/p>\n<p>Prema njihovim rije\u010dima, iz iskustva ste\u010denog tokom prethodnih godina, jasno je da COVID-19 jo\u0161 uvijek ne prati jasne sezonske obrasce kao drugi respiratorni virusi (npr. grip), koji se aktiviraju u tokom pozne jeseni, zime i ranog prolje\u0107a.<\/p>\n<p>\u201eKada je u pitanju aktivnost SARS-CoV-2, pove\u0107anje broja inficiranih mo\u017ee se dogoditi u bilo koje doba godine\u201c, rekli su iz IJZ.<\/p>\n","protected":false},"excerpt":{"rendered":"<p>U Crnoj Gori su, u avgustu, od posljedica koronavirusa preminule tri osobe, a registrovana su 863 nova slu\u010daja infekcije, saop\u0161teno je iz Instituta za javno zdravlje (IJZ).<\/p>\n","protected":false},"author":1,"featured_media":284906,"comment_status":"open","ping_status":"closed","sticky":false,"template":"","format":"standard","meta":{"_seopress_robots_primary_cat":"none","_seopress_titles_title":"","_seopress_titles_desc":"","_seopress_robots_index":"","_et_pb_use_builder":"","_et_pb_old_content":"","_et_gb_content_width":"","inline_featured_image":false,"footnotes":""},"categories":[14],"tags":[],"class_list":["post-411611","post","type-post","status-publish","format-standard","has-post-thumbnail","hentry","category-vijesti"],"_links":{"self":[{"href":"https:\/\/www.pcnen.com\/portal\/wp-json\/wp\/v2\/posts\/411611","targetHints":{"allow":["GET"]}}],"collection":[{"href":"https:\/\/www.pcnen.com\/portal\/wp-json\/wp\/v2\/posts"}],"about":[{"href":"https:\/\/www.pcnen.com\/portal\/wp-json\/wp\/v2\/types\/post"}],"author":[{"embeddable":true,"href":"https:\/\/www.pcnen.com\/portal\/wp-json\/wp\/v2\/users\/1"}],"replies":[{"embeddable":true,"href":"https:\/\/www.pcnen.com\/portal\/wp-json\/wp\/v2\/comments?post=411611"}],"version-history":[{"count":1,"href":"https:\/\/www.pcnen.com\/portal\/wp-json\/wp\/v2\/posts\/411611\/revisions"}],"predecessor-version":[{"id":411614,"href":"https:\/\/www.pcnen.com\/portal\/wp-json\/wp\/v2\/posts\/411611\/revisions\/411614"}],"wp:featuredmedia":[{"embeddable":true,"href":"https:\/\/www.pcnen.com\/portal\/wp-json\/wp\/v2\/media\/284906"}],"wp:attachment":[{"href":"https:\/\/www.pcnen.com\/portal\/wp-json\/wp\/v2\/media?parent=411611"}],"wp:term":[{"taxonomy":"category","embeddable":true,"href":"https:\/\/www.pcnen.com\/portal\/wp-json\/wp\/v2\/categories?post=411611"},{"taxonomy":"post_tag","embeddable":true,"href":"https:\/\/www.pcnen.com\/portal\/wp-json\/wp\/v2\/tags?post=411611"}],"curies":[{"name":"wp","href":"https:\/\/api.w.org\/{rel}","templated":true}]}}