{"id":411602,"date":"2024-09-07T11:39:33","date_gmt":"2024-09-07T09:39:33","guid":{"rendered":"https:\/\/www.pcnen.com\/portal\/?p=411602"},"modified":"2024-09-07T11:39:33","modified_gmt":"2024-09-07T09:39:33","slug":"majke-srebrenice-traze-reakciju-smita-zbog-nastavnog-programa-u-rs","status":"publish","type":"post","link":"https:\/\/www.pcnen.com\/portal\/2024\/09\/07\/majke-srebrenice-traze-reakciju-smita-zbog-nastavnog-programa-u-rs\/","title":{"rendered":"Majke Srebrenice tra\u017ee reakciju \u0160mita zbog nastavnog programa u RS"},"content":{"rendered":"<p>Udru\u017eenje \u017ertava i svjedoka genocida i Pokret &#8220;Majke enklave Srebrenica i \u017depa&#8221; oglasili su se povodom nastavnog plana i programa u RS-u, a koji se ti\u010de izu\u010davanja istorije.<\/p>\n<p>Kako su naglasili, o\u010dekivali su da \u0107e nadle\u017eni organi u BiH, a prije svega OHR i Tu\u017eila\u0161tvo BiH, adekvatno odgovoriti i staviti do znanja da ovakvo kr\u0161enje Dejtonskog sporazuma ne\u0107e biti tolerisano.<\/p>\n<p>&#8220;Me\u0111utim, javno saop\u0161tenje OHR, da &#8216;Svi koji smatraju da su djelovi nastavnih planova i programa u suprotnosti s postoje\u0107im zakonskim okvirom trebaju to pitanje pokrenuti pred relevantnim pravosudnim organima&#8217;, kao i saop\u0161tenje Tu\u017eila\u0161tva BiH: &#8216;Tu\u017eila\u0161tvo BiH je pravosudna institucija i nema nadle\u017enosti za intervencije u oblasti nastavnih planova i programa nadle\u017enih ministarstava nauke ili prosvjete&#8217;. Dakle oni koji su nadle\u017eni tra\u017ee od gra\u0111ana da rade njihov posao. Po svemu navedenom proizilazi da je OHR jedino nadle\u017ean za spomenik na Vla\u0161i\u0107u, a Tu\u017eila\u0161tvo BiH za predmet &#8216;Dobrovolja\u010dka&#8217;, sve drugo a tog drugog je puno, o\u010dito ne zanima ni OHR ni Tu\u017eila\u0161tvo&#8221;, naveli su.<\/p>\n<p>Tako\u0111e, jo\u0161 jednom su pozvali visokog predstavnika Kristijana \u0160mita da reaguje.<\/p>\n<p>&#8220;Tra\u017eimo od OHR-a i visokog predstavnika kao i od tu\u017eila\u0161tva BiH da bez odlaganja zaustave ru\u0161enje dejtonskog mirovnog sporazuma kao i o\u010digledno kr\u0161enje zakona BiH&#8221;, zaklju\u010dili su u saop\u0107enju.<\/p>\n<p>&#8220;Neophodno je naglasiti da se u Nastavnom programu nastavnog predmeta Istorija za 9. razred osnovne \u0161kole ne &#8220;pominje&#8221; nova tema, ve\u0107 se nastavna tema &#8216;Republika Srpska i Odbrambeno-otad\u017ebinski rat&#8217; nalazi u nastavnom programu i jedanaesta je tema ovog programa. Li\u010dnosti poput Ratka Mladi\u0107a i Radovana Karad\u017ei\u0107a, kao i drugih, predstavljaju osobe koje su u periodu koji se izu\u010dava, obavljali zna\u010dajne du\u017enosti u vojnom i politi\u010dkom \u017eivotu Republike Srpske, te se stoga ne mogu izostaviti prilikom predstavljanja doga\u0111aja koji se odnose na nastanak Republike Srpske i Odbrambeno-otad\u017ebinski rat&#8221;, ka\u017eu iz Ministarstva prosvjete RS.<\/p>\n","protected":false},"excerpt":{"rendered":"<p>Udru\u017eenje \u017ertava i svjedoka genocida i Pokret &#8220;Majke enklave Srebrenica i \u017depa&#8221; oglasili su se povodom nastavnog plana i programa u RS-u, a koji se ti\u010de izu\u010davanja istorije.<\/p>\n","protected":false},"author":1,"featured_media":411605,"comment_status":"open","ping_status":"closed","sticky":false,"template":"","format":"standard","meta":{"_seopress_robots_primary_cat":"none","_seopress_titles_title":"","_seopress_titles_desc":"","_seopress_robots_index":"","_et_pb_use_builder":"","_et_pb_old_content":"","_et_gb_content_width":"","inline_featured_image":false,"footnotes":""},"categories":[14],"tags":[],"class_list":["post-411602","post","type-post","status-publish","format-standard","has-post-thumbnail","hentry","category-vijesti"],"_links":{"self":[{"href":"https:\/\/www.pcnen.com\/portal\/wp-json\/wp\/v2\/posts\/411602","targetHints":{"allow":["GET"]}}],"collection":[{"href":"https:\/\/www.pcnen.com\/portal\/wp-json\/wp\/v2\/posts"}],"about":[{"href":"https:\/\/www.pcnen.com\/portal\/wp-json\/wp\/v2\/types\/post"}],"author":[{"embeddable":true,"href":"https:\/\/www.pcnen.com\/portal\/wp-json\/wp\/v2\/users\/1"}],"replies":[{"embeddable":true,"href":"https:\/\/www.pcnen.com\/portal\/wp-json\/wp\/v2\/comments?post=411602"}],"version-history":[{"count":1,"href":"https:\/\/www.pcnen.com\/portal\/wp-json\/wp\/v2\/posts\/411602\/revisions"}],"predecessor-version":[{"id":411606,"href":"https:\/\/www.pcnen.com\/portal\/wp-json\/wp\/v2\/posts\/411602\/revisions\/411606"}],"wp:featuredmedia":[{"embeddable":true,"href":"https:\/\/www.pcnen.com\/portal\/wp-json\/wp\/v2\/media\/411605"}],"wp:attachment":[{"href":"https:\/\/www.pcnen.com\/portal\/wp-json\/wp\/v2\/media?parent=411602"}],"wp:term":[{"taxonomy":"category","embeddable":true,"href":"https:\/\/www.pcnen.com\/portal\/wp-json\/wp\/v2\/categories?post=411602"},{"taxonomy":"post_tag","embeddable":true,"href":"https:\/\/www.pcnen.com\/portal\/wp-json\/wp\/v2\/tags?post=411602"}],"curies":[{"name":"wp","href":"https:\/\/api.w.org\/{rel}","templated":true}]}}