{"id":41156,"date":"2011-02-01T22:24:59","date_gmt":"2011-02-01T22:24:59","guid":{"rendered":"http:\/\/www.pcnen.com\/portal\/?p=41156"},"modified":"2011-02-01T22:24:59","modified_gmt":"2011-02-01T22:24:59","slug":"blic-ad-hok-tribunal-za-trgovinu-organima","status":"publish","type":"post","link":"https:\/\/www.pcnen.com\/portal\/2011\/02\/01\/blic-ad-hok-tribunal-za-trgovinu-organima\/","title":{"rendered":"Blic: Ad hok tribunal za trgovinu organima"},"content":{"rendered":"<p>Istraga o trgovini organima na Kosovu i u Albaniji mogla bi biti prepu&scaron;tena ad hok formiranom me\u0111unarodnom specijalnom sudu Ujedinjenih nacija, po modelu Specijalnog suda za Liban formiranog 10. juna 2007. godine, s ciljem istrage o u\u010de&scaron;\u0107u libanskih terorista u seriji teroristi\u010dkih napada, me\u0111u kojima je i ubistvo biv&scaron;eg libanskog premijera Refika Haririja, saznaje <a href=\"http:\/\/www.blic.rs\/Vesti\/232961\/Istragu-da-vodi-Sud-za-trgovinu-organima\"><em>Blic<\/em>.<\/a><\/p>\n<p>Formiranje ovog ad hok suda, izmje&scaron;tenog van Kosova, tra\u017ei Dik Marti, specijalni izvjestilac Savjeta Evrope. <\/p>\n","protected":false},"excerpt":{"rendered":"<p>Istraga o trgovini organima na Kosovu i u Albaniji mogla bi biti prepu&scaron;tena ad hok formiranom me\u0111unarodnom specijalnom sudu Ujedinjenih nacija, po modelu Specijalnog suda za Liban formiranog 10. juna 2007. godine, s ciljem istrage o u\u010de&scaron;\u0107u libanskih terorista u seriji teroristi\u010dkih napada, me\u0111u kojima je i ubistvo biv&scaron;eg libanskog premijera Refika Haririja, saznaje Blic. [&hellip;]<\/p>\n","protected":false},"author":1,"featured_media":0,"comment_status":"open","ping_status":"closed","sticky":false,"template":"","format":"standard","meta":{"_seopress_robots_primary_cat":"","_seopress_titles_title":"","_seopress_titles_desc":"","_seopress_robots_index":"","_et_pb_use_builder":"","_et_pb_old_content":"","_et_gb_content_width":"","inline_featured_image":false,"footnotes":""},"categories":[14],"tags":[],"class_list":["post-41156","post","type-post","status-publish","format-standard","hentry","category-vijesti"],"_links":{"self":[{"href":"https:\/\/www.pcnen.com\/portal\/wp-json\/wp\/v2\/posts\/41156","targetHints":{"allow":["GET"]}}],"collection":[{"href":"https:\/\/www.pcnen.com\/portal\/wp-json\/wp\/v2\/posts"}],"about":[{"href":"https:\/\/www.pcnen.com\/portal\/wp-json\/wp\/v2\/types\/post"}],"author":[{"embeddable":true,"href":"https:\/\/www.pcnen.com\/portal\/wp-json\/wp\/v2\/users\/1"}],"replies":[{"embeddable":true,"href":"https:\/\/www.pcnen.com\/portal\/wp-json\/wp\/v2\/comments?post=41156"}],"version-history":[{"count":0,"href":"https:\/\/www.pcnen.com\/portal\/wp-json\/wp\/v2\/posts\/41156\/revisions"}],"wp:attachment":[{"href":"https:\/\/www.pcnen.com\/portal\/wp-json\/wp\/v2\/media?parent=41156"}],"wp:term":[{"taxonomy":"category","embeddable":true,"href":"https:\/\/www.pcnen.com\/portal\/wp-json\/wp\/v2\/categories?post=41156"},{"taxonomy":"post_tag","embeddable":true,"href":"https:\/\/www.pcnen.com\/portal\/wp-json\/wp\/v2\/tags?post=41156"}],"curies":[{"name":"wp","href":"https:\/\/api.w.org\/{rel}","templated":true}]}}