{"id":411548,"date":"2024-09-06T19:35:40","date_gmt":"2024-09-06T17:35:40","guid":{"rendered":"https:\/\/www.pcnen.com\/portal\/?p=411548"},"modified":"2024-09-06T19:35:40","modified_gmt":"2024-09-06T17:35:40","slug":"blokirana-cetiri-administrativna-prelaza-ka-kosovu","status":"publish","type":"post","link":"https:\/\/www.pcnen.com\/portal\/2024\/09\/06\/blokirana-cetiri-administrativna-prelaza-ka-kosovu\/","title":{"rendered":"Blokirana \u010detiri administrativna prelaza ka Kosovu"},"content":{"rendered":"<p>Predsjednik Udru\u017eenja gra\u0111ana kosovsko-mitrova\u010dkog okruga Radomir Ra\u0161a Rojevi\u0107 saop\u0161tio je da je ve\u010deras u 18.30 \u010dasova po\u010dela blokada \u010detiri administrativna prelaza prema Kosovu.<\/p>\n<p>Rojevi\u0107 je agenciji Beta kazao da su gra\u0111ani blokirali saobra\u0107aj na Merdaru, Jarinju i Brnjaku iz pravca centralne Srbije i na prelazu Kula (put Pe\u0107-Ro\u017eaje) iz pravca Crne Gore.<\/p>\n<p>Administrativni prelaz Kon\u010dulj kod Bujanovca, za sada, kako je re\u010deno, ne\u0107e biti blokiran.<\/p>\n<p>Rojevi\u0107 je dodao da blokadu organizuju zavi\u010dajna udru\u017eenja gra\u0111ana s Kosova i Metohije i da u tome ne u\u010destvuju Srbi koji \u017eive na Kosovu.<\/p>\n<p>&#8220;Blokada saobra\u0107aja \u0107e trajati sve dok se sa sjevera Kosova ne povuku kosovske policijske snage i dok se uzurpirane institucije ne vrate Srbima. Zahtijevamo i da Kfor, u skladu s mandatom Rezolucije 1244, preuzme kontrolu na sjeveru Kosova&#8221;, ponovio je Rojevi\u0107.<\/p>\n<p>&#8220;Propu\u0161ta\u0107emo samo bolni\u010dka vozila, kao i sva ostala vozila i putnike sa srpskim dokumentima. Ako na Kosovu ne va\u017ee srpska dokumenta, onda ni u centralnoj Srbiji ne mogu da va\u017ee dokumenta tzv. Republike Kosova&#8221;, rekao je Rojevi\u0107.<\/p>\n<p>Kosovska policija je 30. avgusta zauzela sve prostorije u kojima su se nalazili Privremeni op\u0161tinski organi Republike Srbije.<\/p>\n<p>Ranije, kosovske vlasti su ukinule va\u017enost srpskih registarskih tablica, voza\u010dkih dozvola i svih ostalih dokumenata koja izdaje Republika Srbija.<\/p>\n<p>U proteklih par mjeseci zabranjen je rad Po\u0161ti Srbije, ekspoziturama Komercijalne banke i benzinskim stanicama NIS-a, a ukinut je i dinar kao plate\u017eno sredstvo.<\/p>\n<p>Na sjeveru Kosova uklonjeni su svi simboli dr\u017eave Srbije.<\/p>\n<p>Predsjednik Srbije Aleksandar Vu\u010di\u0107 je iz lozni\u010dke kasarne rekao da bi oti\u0161ao na Kosovo kada bi mu to dozvolili Albanci i predstavnici me\u0111unarodne zajednice.<\/p>\n<p>U francusko-njema\u010dkom planu, koji je prihvatio predsjednik Vu\u010di\u0107, navodi se da \u0107e Kosovo i Srbija razvijati normalne i dobrosusjedske odnose na osnovu jednakih prava.<\/p>\n<p>&#8220;Obje strane \u0107e me\u0111usobno priznati dokumente i nacionalne simbole, uklju\u010duju\u0107i paso\u0161e, diplome, registarske tablice i carinske marke&#8221;, stoji u \u010dlanu 1 francusko-njema\u010dkog plana.<\/p>\n<p>&nbsp;<\/p>\n<blockquote class=\"wp-embedded-content\" data-secret=\"tZHEXnkmpV\"><p><a href=\"https:\/\/www.pcnen.com\/portal\/2024\/09\/06\/danas-pocinje-blokada-prelaza-ka-kosovu\/\">Danas po\u010dinje blokada prelaza ka Kosovu<\/a><\/p><\/blockquote>\n<p><iframe loading=\"lazy\" class=\"wp-embedded-content\" sandbox=\"allow-scripts\" security=\"restricted\" style=\"position: absolute; visibility: hidden;\" title=\"&#8220;Danas po\u010dinje blokada prelaza ka Kosovu&#8221; &#8212; PCNEN\" src=\"https:\/\/www.pcnen.com\/portal\/2024\/09\/06\/danas-pocinje-blokada-prelaza-ka-kosovu\/embed\/#?secret=rKOaVAScfO#?secret=tZHEXnkmpV\" data-secret=\"tZHEXnkmpV\" width=\"600\" height=\"338\" frameborder=\"0\" marginwidth=\"0\" marginheight=\"0\" scrolling=\"no\"><\/iframe><\/p>\n","protected":false},"excerpt":{"rendered":"<p>Predsjednik Udru\u017eenja gra\u0111ana kosovsko-mitrova\u010dkog okruga Radomir Ra\u0161a Rojevi\u0107 saop\u0161tio je da je ve\u010deras u 18.30 \u010dasova po\u010dela blokada \u010detiri administrativna prelaza prema Kosovu.<\/p>\n","protected":false},"author":1,"featured_media":371329,"comment_status":"open","ping_status":"closed","sticky":false,"template":"","format":"standard","meta":{"_seopress_robots_primary_cat":"none","_seopress_titles_title":"","_seopress_titles_desc":"","_seopress_robots_index":"","_et_pb_use_builder":"","_et_pb_old_content":"","_et_gb_content_width":"","inline_featured_image":false,"footnotes":""},"categories":[14],"tags":[],"class_list":["post-411548","post","type-post","status-publish","format-standard","has-post-thumbnail","hentry","category-vijesti"],"_links":{"self":[{"href":"https:\/\/www.pcnen.com\/portal\/wp-json\/wp\/v2\/posts\/411548","targetHints":{"allow":["GET"]}}],"collection":[{"href":"https:\/\/www.pcnen.com\/portal\/wp-json\/wp\/v2\/posts"}],"about":[{"href":"https:\/\/www.pcnen.com\/portal\/wp-json\/wp\/v2\/types\/post"}],"author":[{"embeddable":true,"href":"https:\/\/www.pcnen.com\/portal\/wp-json\/wp\/v2\/users\/1"}],"replies":[{"embeddable":true,"href":"https:\/\/www.pcnen.com\/portal\/wp-json\/wp\/v2\/comments?post=411548"}],"version-history":[{"count":1,"href":"https:\/\/www.pcnen.com\/portal\/wp-json\/wp\/v2\/posts\/411548\/revisions"}],"predecessor-version":[{"id":411551,"href":"https:\/\/www.pcnen.com\/portal\/wp-json\/wp\/v2\/posts\/411548\/revisions\/411551"}],"wp:featuredmedia":[{"embeddable":true,"href":"https:\/\/www.pcnen.com\/portal\/wp-json\/wp\/v2\/media\/371329"}],"wp:attachment":[{"href":"https:\/\/www.pcnen.com\/portal\/wp-json\/wp\/v2\/media?parent=411548"}],"wp:term":[{"taxonomy":"category","embeddable":true,"href":"https:\/\/www.pcnen.com\/portal\/wp-json\/wp\/v2\/categories?post=411548"},{"taxonomy":"post_tag","embeddable":true,"href":"https:\/\/www.pcnen.com\/portal\/wp-json\/wp\/v2\/tags?post=411548"}],"curies":[{"name":"wp","href":"https:\/\/api.w.org\/{rel}","templated":true}]}}