{"id":41154,"date":"2011-02-01T20:30:52","date_gmt":"2011-02-01T20:30:52","guid":{"rendered":"http:\/\/www.pcnen.com\/portal\/?p=41154"},"modified":"2011-02-01T20:30:52","modified_gmt":"2011-02-01T20:30:52","slug":"marina-u-veneciji-predstavlja-crnu-goru","status":"publish","type":"post","link":"https:\/\/www.pcnen.com\/portal\/2011\/02\/01\/marina-u-veneciji-predstavlja-crnu-goru\/","title":{"rendered":"Marina u Veneciji predstavlja Crnu Goru"},"content":{"rendered":"<p>Ta njihova odluka je danas saop&scaron;tena ministru kulture i medija Branislavu Mi\u0107unovi\u0107u, koji je danas na Cetinju razgovarao sa slavnom umjetnicom, saop&scaron;teno je iz Ministarstva kulure.<\/p>\n<p>Prezentovanje Crne Gore na 54. Bijenalu u Veneciji \u0107e, prema dogovoru Marine Abramovi\u0107 i nacionalnog komesara\/komesarke biti u funkciji me\u0111unarodne prezentacije koncepta budu\u0107eg internacionalnog multimedijalnog centra: Marina Abramovi\u0107 Cetinje Community Center Obod u prostorijama nekada&scaron;nje fabrike Obod. <\/p>\n<p>&quot;Na&scaron;a prezentacija na Bijenalu \u0107e pod imenom Obod i bistre vode (The Fridge Factory and Clear Waters) stoga imati dva va\u017ena segmenta: rad Marine Abramovi\u0107 i intervencije nekolicine crnogorskih umjetnika, kao i segment multimedijalne prezentacije budu\u0107eg centra u vidu &scaron;tampanog i elektronskog info materijala&quot;, navodi se u saop&scaron;tenju koje je izdalo Ministarstvo kulture i medija. <\/p>\n<p>&quot;Marina Abramovi\u0107 Cetinje Community Center Obod je zami&scaron;ljen kao generator promjene, veliki pokreta\u010d procesa reanimacije, revitalizacije, odmrzavanja, &lsquo;provedravanja&#8217; i &lsquo;provjetravanja&#8217;, mije&scaron;anja bistrih voda, kao aktivator kulturnog razvitka u samoj Crnoj Gori i mre\u017enog povezivanja sa pojedincima, grupama, institucijama, idejama i inicijativama u savremenom me\u0111unarodnom kulturnom kontekstu, dakle, kao nosilac vizije &scaron;irokog povezivanja dobromisle\u0107ih i dobro\u010dine\u0107ih ljudi smislenim idejama i akcijama. Ova ideja crnogorske prezentacije na Bijenalu u Venecije time korespondira i sa generalnom temom ovogodi&scaron;njeg Bijenala: Illuminations&quot;, ka\u017ee se u saop&scaron;tenju. <\/p>\n<p>Petar \u0106ukovi\u0107 je, kao komesar&nbsp; zajedni\u010dke crnogorsko\/srpske izlo\u017ebe na Venecijanskom bijenalu 1997. godine bio odabrao Marinu Abramovi\u0107, ali je njegovu namjeru osujetio onda&scaron;nji ministar kulture Crne Gore a sada&scaron;nji crnogorski ambasador u Zagrebu Goran Sito Rako\u010devi\u0107, koji je favorizovao slikara Voja Stani\u0107a. Te godine je Marina na poziv generalnog komesara Bijenala Germana Celantea u\u010destvovala na Bijenalu i dobila Zlatnog lava. <\/p>\n","protected":false},"excerpt":{"rendered":"<p>Marina Abramovi\u0107 \u0107e ove godine predstavljati Crnu Goru na Bijenalu u Veneciji, odlu\u010dili su nacionalni komesar\/komesarka crnogorske izlo\u017ebe Svetlana Racanovi\u0107 i Petar \u0106ukovi\u0107.<\/p>\n","protected":false},"author":1,"featured_media":0,"comment_status":"open","ping_status":"closed","sticky":false,"template":"","format":"standard","meta":{"_seopress_robots_primary_cat":"","_seopress_titles_title":"","_seopress_titles_desc":"","_seopress_robots_index":"","_et_pb_use_builder":"","_et_pb_old_content":"","_et_gb_content_width":"","inline_featured_image":false,"footnotes":""},"categories":[14],"tags":[],"class_list":["post-41154","post","type-post","status-publish","format-standard","hentry","category-vijesti"],"_links":{"self":[{"href":"https:\/\/www.pcnen.com\/portal\/wp-json\/wp\/v2\/posts\/41154","targetHints":{"allow":["GET"]}}],"collection":[{"href":"https:\/\/www.pcnen.com\/portal\/wp-json\/wp\/v2\/posts"}],"about":[{"href":"https:\/\/www.pcnen.com\/portal\/wp-json\/wp\/v2\/types\/post"}],"author":[{"embeddable":true,"href":"https:\/\/www.pcnen.com\/portal\/wp-json\/wp\/v2\/users\/1"}],"replies":[{"embeddable":true,"href":"https:\/\/www.pcnen.com\/portal\/wp-json\/wp\/v2\/comments?post=41154"}],"version-history":[{"count":0,"href":"https:\/\/www.pcnen.com\/portal\/wp-json\/wp\/v2\/posts\/41154\/revisions"}],"wp:attachment":[{"href":"https:\/\/www.pcnen.com\/portal\/wp-json\/wp\/v2\/media?parent=41154"}],"wp:term":[{"taxonomy":"category","embeddable":true,"href":"https:\/\/www.pcnen.com\/portal\/wp-json\/wp\/v2\/categories?post=41154"},{"taxonomy":"post_tag","embeddable":true,"href":"https:\/\/www.pcnen.com\/portal\/wp-json\/wp\/v2\/tags?post=41154"}],"curies":[{"name":"wp","href":"https:\/\/api.w.org\/{rel}","templated":true}]}}