{"id":411522,"date":"2024-09-06T10:04:06","date_gmt":"2024-09-06T08:04:06","guid":{"rendered":"https:\/\/www.pcnen.com\/portal\/?p=411522"},"modified":"2024-09-06T10:04:06","modified_gmt":"2024-09-06T08:04:06","slug":"bioloski-fakultet-odbacio-odgovornost-za-zakljucke-u-nacrtima-studije-uticaja-koju-je-objavio-rio-tinto","status":"publish","type":"post","link":"https:\/\/www.pcnen.com\/portal\/2024\/09\/06\/bioloski-fakultet-odbacio-odgovornost-za-zakljucke-u-nacrtima-studije-uticaja-koju-je-objavio-rio-tinto\/","title":{"rendered":"Biolo\u0161ki fakultet odbacio odgovornost za zaklju\u010dke u Nacrtima studije uticaja koju je objavio Rio Tinto"},"content":{"rendered":"<p>Biolo\u0161ki fakultet u Beogradu je izdao saop\u0161tenje povodom objavljivanja nacrta studije o procjeni uticaja projekta rudnika jadarita na \u017eivotnu sredinu, koji je izradila kompanija Rio Sava Eksplorej\u0161n d.o.o. Beograd, ogranak kompanije Rio Tinto.<\/p>\n<p>Fakultet se oglasio zbog, kako navode, brojnih pogre\u0161nih, neutemeljenih i tendencioznih izjava u vezi sa rezultatima njihovog istra\u017eivanja biodiverziteta i predlo\u017eenih mjera za\u0161tite.<\/p>\n<p>\u201eRazlog za objavljivanje ovog saop\u0161tenja je zna\u010dajan broj pogre\u0161nih, neutemeljenih, kontradiktornih i tendencioznih izjava dr\u017eavnih i privatnih subjekata, kao i pojedinaca, u pogledu rezultata istra\u017eivanja stanja biodiverziteta i mera za smanjenje i ubla\u017eavanje posledica aktivnosti na planiranom rudniku,\u201c navodi se u saop\u0161tenju, koje <a href=\"https:\/\/www.danas.rs\/vesti\/drustvo\/bioloski-fakultet-odbacio-odgovornost-rio-tinto\/\" target=\"_blank\" rel=\"noopener\">prenosi<\/a> portal Danas<\/p>\n<p>Biolo\u0161ki fakultet je, zajedno sa \u010detiri nau\u010dne institucije, sproveo istra\u017eivanje u junu i julu 2020. godine na prostoru planiranog rudnika jadarita, a rezultati su predstavljeni u \u201eZavr\u0161nom izve\u0161taju o pregledu uticaja projekta eksploatacije i prerade minerala jadarita na stanje biodiverziteta\u201c. Prema podacima iz tog izvje\u0161taja, otvaranje rudnika imalo bi ozbiljne posljedice po ekosistem ovog podru\u010dja.<\/p>\n","protected":false},"excerpt":{"rendered":"<p>Biolo\u0161ki fakultet u Beogradu je izdao saop\u0161tenje povodom objavljivanja nacrta studije o procjeni uticaja projekta rudnika jadarita na \u017eivotnu sredinu, koji je izradila kompanija Rio Sava Eksplorej\u0161n d.o.o. Beograd, ogranak kompanije Rio Tinto<\/p>\n","protected":false},"author":1,"featured_media":411526,"comment_status":"open","ping_status":"closed","sticky":false,"template":"","format":"standard","meta":{"_seopress_robots_primary_cat":"none","_seopress_titles_title":"","_seopress_titles_desc":"","_seopress_robots_index":"","_et_pb_use_builder":"","_et_pb_old_content":"","_et_gb_content_width":"","inline_featured_image":false,"footnotes":""},"categories":[14],"tags":[],"class_list":["post-411522","post","type-post","status-publish","format-standard","has-post-thumbnail","hentry","category-vijesti"],"_links":{"self":[{"href":"https:\/\/www.pcnen.com\/portal\/wp-json\/wp\/v2\/posts\/411522","targetHints":{"allow":["GET"]}}],"collection":[{"href":"https:\/\/www.pcnen.com\/portal\/wp-json\/wp\/v2\/posts"}],"about":[{"href":"https:\/\/www.pcnen.com\/portal\/wp-json\/wp\/v2\/types\/post"}],"author":[{"embeddable":true,"href":"https:\/\/www.pcnen.com\/portal\/wp-json\/wp\/v2\/users\/1"}],"replies":[{"embeddable":true,"href":"https:\/\/www.pcnen.com\/portal\/wp-json\/wp\/v2\/comments?post=411522"}],"version-history":[{"count":2,"href":"https:\/\/www.pcnen.com\/portal\/wp-json\/wp\/v2\/posts\/411522\/revisions"}],"predecessor-version":[{"id":411527,"href":"https:\/\/www.pcnen.com\/portal\/wp-json\/wp\/v2\/posts\/411522\/revisions\/411527"}],"wp:featuredmedia":[{"embeddable":true,"href":"https:\/\/www.pcnen.com\/portal\/wp-json\/wp\/v2\/media\/411526"}],"wp:attachment":[{"href":"https:\/\/www.pcnen.com\/portal\/wp-json\/wp\/v2\/media?parent=411522"}],"wp:term":[{"taxonomy":"category","embeddable":true,"href":"https:\/\/www.pcnen.com\/portal\/wp-json\/wp\/v2\/categories?post=411522"},{"taxonomy":"post_tag","embeddable":true,"href":"https:\/\/www.pcnen.com\/portal\/wp-json\/wp\/v2\/tags?post=411522"}],"curies":[{"name":"wp","href":"https:\/\/api.w.org\/{rel}","templated":true}]}}