{"id":411513,"date":"2024-09-06T09:31:54","date_gmt":"2024-09-06T07:31:54","guid":{"rendered":"https:\/\/www.pcnen.com\/portal\/?p=411513"},"modified":"2024-09-06T09:31:54","modified_gmt":"2024-09-06T07:31:54","slug":"glavni-albanski-rabin-slavi-razaranja-u-gazi","status":"publish","type":"post","link":"https:\/\/www.pcnen.com\/portal\/2024\/09\/06\/glavni-albanski-rabin-slavi-razaranja-u-gazi\/","title":{"rendered":"Glavni albanski rabin slavi razaranja u Gazi"},"content":{"rendered":"<p>Glavni albanski rabin D\u017eoel Kaplan vi\u0111en je i snimljen kako predvodi molitve vojske u Gazi i slavi razaranje u Gazi.<\/p>\n<p>Kaplan, koji je tako\u0111e izraelski oficir, vratio se u Izrael poslije 7. oktobra pro\u0161le godine.<\/p>\n<p>Snimak Kaplana u Gazi objavila je u ponedjeljak stranica jevrejske zajednice, no nije ta\u010dno poznato kada je snimljena, prenosi Al D\u017eazira.<\/p>\n<p>Kaplana je 2010. godine imenovala albanska vlada za glavnog rabina, protivno \u017eeljama jevrejske zajednice u zemlji.<\/p>\n<p><iframe loading=\"lazy\" style=\"border: none; overflow: hidden;\" src=\"https:\/\/www.facebook.com\/plugins\/post.php?href=https%3A%2F%2Fwww.facebook.com%2Falbaniarabbinate%2Fposts%2Fpfbid0YAQrTP9HEMYMgLCDNb7pLy2qvp8BaY6uP6DHvrmjkAU2D4RxbxSfYGWhDchDG94Tl&amp;show_text=true&amp;width=500\" width=\"500\" height=\"665\" frameborder=\"0\" scrolling=\"no\" allowfullscreen=\"allowfullscreen\"><\/iframe><\/p>\n","protected":false},"excerpt":{"rendered":"<p>Glavni albanski rabin D\u017eoel Kaplan vi\u0111en je i snimljen kako predvodi molitve vojske u Gazi i slavi razaranje u Gazi. Kaplan, koji je tako\u0111e izraelski oficir, vratio se u Izrael poslije 7. oktobra pro\u0161le godine. Snimak Kaplana u Gazi objavila je u ponedjeljak stranica jevrejske zajednice, no nije ta\u010dno poznato kada je snimljena, prenosi Al [&hellip;]<\/p>\n","protected":false},"author":1,"featured_media":411516,"comment_status":"open","ping_status":"closed","sticky":false,"template":"","format":"standard","meta":{"_seopress_robots_primary_cat":"none","_seopress_titles_title":"","_seopress_titles_desc":"","_seopress_robots_index":"","_et_pb_use_builder":"","_et_pb_old_content":"","_et_gb_content_width":"","inline_featured_image":false,"footnotes":""},"categories":[14],"tags":[],"class_list":["post-411513","post","type-post","status-publish","format-standard","has-post-thumbnail","hentry","category-vijesti"],"_links":{"self":[{"href":"https:\/\/www.pcnen.com\/portal\/wp-json\/wp\/v2\/posts\/411513","targetHints":{"allow":["GET"]}}],"collection":[{"href":"https:\/\/www.pcnen.com\/portal\/wp-json\/wp\/v2\/posts"}],"about":[{"href":"https:\/\/www.pcnen.com\/portal\/wp-json\/wp\/v2\/types\/post"}],"author":[{"embeddable":true,"href":"https:\/\/www.pcnen.com\/portal\/wp-json\/wp\/v2\/users\/1"}],"replies":[{"embeddable":true,"href":"https:\/\/www.pcnen.com\/portal\/wp-json\/wp\/v2\/comments?post=411513"}],"version-history":[{"count":1,"href":"https:\/\/www.pcnen.com\/portal\/wp-json\/wp\/v2\/posts\/411513\/revisions"}],"predecessor-version":[{"id":411517,"href":"https:\/\/www.pcnen.com\/portal\/wp-json\/wp\/v2\/posts\/411513\/revisions\/411517"}],"wp:featuredmedia":[{"embeddable":true,"href":"https:\/\/www.pcnen.com\/portal\/wp-json\/wp\/v2\/media\/411516"}],"wp:attachment":[{"href":"https:\/\/www.pcnen.com\/portal\/wp-json\/wp\/v2\/media?parent=411513"}],"wp:term":[{"taxonomy":"category","embeddable":true,"href":"https:\/\/www.pcnen.com\/portal\/wp-json\/wp\/v2\/categories?post=411513"},{"taxonomy":"post_tag","embeddable":true,"href":"https:\/\/www.pcnen.com\/portal\/wp-json\/wp\/v2\/tags?post=411513"}],"curies":[{"name":"wp","href":"https:\/\/api.w.org\/{rel}","templated":true}]}}