{"id":411509,"date":"2024-09-06T09:17:24","date_gmt":"2024-09-06T07:17:24","guid":{"rendered":"https:\/\/www.pcnen.com\/portal\/?p=411509"},"modified":"2024-09-06T09:17:24","modified_gmt":"2024-09-06T07:17:24","slug":"danas-pocinje-blokada-prelaza-ka-kosovu","status":"publish","type":"post","link":"https:\/\/www.pcnen.com\/portal\/2024\/09\/06\/danas-pocinje-blokada-prelaza-ka-kosovu\/","title":{"rendered":"Danas po\u010dinje blokada prelaza ka Kosovu"},"content":{"rendered":"<p>Predsjednik Udru\u017eenja gra\u0111ana kosovsko-mitrova\u010dkog okruga Ra\u0161a Rojevi\u0107 je saop\u0161tio da \u0107e danas (petak 6. septembra) po\u010deti vi\u0161ednevna blokada prelaza prema Kosovu. On je agenciji Beta kazao da \u0107e blokadu organizovati zavi\u010dajna udru\u017eenja gra\u0111ana s Kosova i Metohije i da \u0107e biti blokirana \u010detiri od pet prelaza iz pravca centralne Srbije i Crne Gore, prenosi portal kossev.info.<\/p>\n<p>Rojevi\u0107 je rekao da \u0107e blokada po\u010deti u 18 \u010dasova i trajati &#8220;sve dok se sa Severa Kosova ne povuku kosovske policijske snage i dok se uzurpirane institucije ne vrate Srbima. Zahtevamo i da KFOR, u skladu s mandatom Rezolucije 1244, preuzme kontrolu na Severu Kosova\u201c.<\/p>\n<p>&#8220;Blokira\u0107emo prelaze Brnjak, Jarinje i Merdare sa strane centralne Srbije, i prelaz Kulu na putu Pe\u0107-Ro\u017eaje sa crnogorske strane. Administrativni prelaz Kon\u010dulj za sada ne\u0107e biti blokiran. Propu\u0161ta\u0107emo samo bolni\u010dka vozila, kao i sva ostala vozila i putnike sa srpskim dokumentima. Ako na Kosovu ne va\u017ee srpska dokumenta, onda ni u centralnoj Srbiji ne mogu da va\u017ee dokumenta tzv. Republike Kosova\u201c, rekao je Rojevi\u0107 i dodao da \u0107e na svakom prelazu u blokadi u\u010destvovati najmanje po 400 ljudi.<\/p>\n","protected":false},"excerpt":{"rendered":"<p>Predsjednik Udru\u017eenja gra\u0111ana kosovsko-mitrova\u010dkog okruga Ra\u0161a Rojevi\u0107 je saop\u0161tio da \u0107e danas (petak 6. septembra) po\u010deti vi\u0161ednevna blokada prelaza prema Kosovu<\/p>\n","protected":false},"author":1,"featured_media":341564,"comment_status":"open","ping_status":"closed","sticky":false,"template":"","format":"standard","meta":{"_seopress_robots_primary_cat":"none","_seopress_titles_title":"","_seopress_titles_desc":"","_seopress_robots_index":"","_et_pb_use_builder":"","_et_pb_old_content":"","_et_gb_content_width":"","inline_featured_image":false,"footnotes":""},"categories":[14],"tags":[],"class_list":["post-411509","post","type-post","status-publish","format-standard","has-post-thumbnail","hentry","category-vijesti"],"_links":{"self":[{"href":"https:\/\/www.pcnen.com\/portal\/wp-json\/wp\/v2\/posts\/411509","targetHints":{"allow":["GET"]}}],"collection":[{"href":"https:\/\/www.pcnen.com\/portal\/wp-json\/wp\/v2\/posts"}],"about":[{"href":"https:\/\/www.pcnen.com\/portal\/wp-json\/wp\/v2\/types\/post"}],"author":[{"embeddable":true,"href":"https:\/\/www.pcnen.com\/portal\/wp-json\/wp\/v2\/users\/1"}],"replies":[{"embeddable":true,"href":"https:\/\/www.pcnen.com\/portal\/wp-json\/wp\/v2\/comments?post=411509"}],"version-history":[{"count":1,"href":"https:\/\/www.pcnen.com\/portal\/wp-json\/wp\/v2\/posts\/411509\/revisions"}],"predecessor-version":[{"id":411512,"href":"https:\/\/www.pcnen.com\/portal\/wp-json\/wp\/v2\/posts\/411509\/revisions\/411512"}],"wp:featuredmedia":[{"embeddable":true,"href":"https:\/\/www.pcnen.com\/portal\/wp-json\/wp\/v2\/media\/341564"}],"wp:attachment":[{"href":"https:\/\/www.pcnen.com\/portal\/wp-json\/wp\/v2\/media?parent=411509"}],"wp:term":[{"taxonomy":"category","embeddable":true,"href":"https:\/\/www.pcnen.com\/portal\/wp-json\/wp\/v2\/categories?post=411509"},{"taxonomy":"post_tag","embeddable":true,"href":"https:\/\/www.pcnen.com\/portal\/wp-json\/wp\/v2\/tags?post=411509"}],"curies":[{"name":"wp","href":"https:\/\/api.w.org\/{rel}","templated":true}]}}