{"id":41149,"date":"2011-02-01T16:20:41","date_gmt":"2011-02-01T16:20:41","guid":{"rendered":"http:\/\/www.pcnen.com\/portal\/?p=41149"},"modified":"2011-02-01T16:20:41","modified_gmt":"2011-02-01T16:20:41","slug":"cosic-i-zvanicno-kandidat-za-nobela","status":"publish","type":"post","link":"https:\/\/www.pcnen.com\/portal\/2011\/02\/01\/cosic-i-zvanicno-kandidat-za-nobela\/","title":{"rendered":"\u0106osi\u0107 i zvani\u010dno kandidat za Nobela"},"content":{"rendered":"<p>&Scaron;vedska akademija danas je formalno potvrdila da je primila predlog da pisac Dobrica \u0106osi\u0107 bude kandidovan za Nobelovu nagradu za knji\u017eevnost, rekao je profesor Svetislav Jari\u0107 iz Novog Sada.<\/p>\n<p>Jari\u0107, koji je i pokreta\u010d inicijative da \u0106osi\u0107 bude predlo\u017een za Nobelovu nagradu za knji\u017eevnost, rekao je agenciji <em>Beta<\/em> da je Udru\u017eenje knji\u017eevnika Srbije (UKS) glavni predlaga\u010d za tu kandidaturu, kao i da se me\u0111u potpisnicima nalazi jo&scaron; 28 akademika, knji\u017eevnika, profesora filozofije, matematike.<\/p>\n<p>&quot;Medju potpisnicima koji su podr\u017eali predlog o kandidaturi Dobrice \u0106osi\u0107a su knji\u017eevnici Matija Be\u0107kovi\u0107, Rajko Petrov Nogo, Miroslav Egeri\u0107, predsjednik Akademije Republike Srpske Rajko Kuzmanovi\u0107 i ugledne javne li\u010dnosti kao &scaron;to su Emir Kusturica, Sini&scaron;a Kova\u010devi\u0107, Jadranka Jovanovi\u0107 i drugi&quot;, rekao je Jari\u0107.<\/p>\n<p>Prema njegovim rije\u010dima, u ovom trenutku iza kandidature Dobrice \u0106osi\u0107a ne stoji Srpska akademija nauka i umetnosti (SANU), \u010dije \u0107e Odeljenje za jezik i knji\u017eevnost podr\u017eati \u0106osi\u0107evu kandidaturu ako u\u0111e &quot;u krug ozbiljnijih kandidata&quot;.<\/p>\n<p>Predsjednik Udru\u017eenja knji\u017eevnika Srbije Radomir Anti\u0107 rekao je agenciji <em>Beta<\/em> da je to Udru\u017eenje sa zadovoljstvom podr\u017ealo predlog za kandidaturu Dobrice \u0106osi\u0107a jer je on &quot;jedan od najzna\u010dajnijih srpskih pisaca&quot;. <\/p>\n<p>Prema njegovim rije\u010dima, poslednji srpski pisac koji je bio predlo\u017een za kandidaturu za tu presti\u017enu nagradu bio je Milorad Pavi\u0107.<\/p>\n","protected":false},"excerpt":{"rendered":"<p>&Scaron;vedska akademija danas je formalno potvrdila da je primila predlog da pisac Dobrica \u0106osi\u0107 bude kandidovan za Nobelovu nagradu za knji\u017eevnost, rekao je profesor Svetislav Jari\u0107 iz Novog Sada. Jari\u0107, koji je i pokreta\u010d inicijative da \u0106osi\u0107 bude predlo\u017een za Nobelovu nagradu za knji\u017eevnost, rekao je agenciji Beta da je Udru\u017eenje knji\u017eevnika Srbije (UKS) glavni [&hellip;]<\/p>\n","protected":false},"author":1,"featured_media":0,"comment_status":"open","ping_status":"closed","sticky":false,"template":"","format":"standard","meta":{"_seopress_robots_primary_cat":"","_seopress_titles_title":"","_seopress_titles_desc":"","_seopress_robots_index":"","_et_pb_use_builder":"","_et_pb_old_content":"","_et_gb_content_width":"","inline_featured_image":false,"footnotes":""},"categories":[14],"tags":[],"class_list":["post-41149","post","type-post","status-publish","format-standard","hentry","category-vijesti"],"_links":{"self":[{"href":"https:\/\/www.pcnen.com\/portal\/wp-json\/wp\/v2\/posts\/41149","targetHints":{"allow":["GET"]}}],"collection":[{"href":"https:\/\/www.pcnen.com\/portal\/wp-json\/wp\/v2\/posts"}],"about":[{"href":"https:\/\/www.pcnen.com\/portal\/wp-json\/wp\/v2\/types\/post"}],"author":[{"embeddable":true,"href":"https:\/\/www.pcnen.com\/portal\/wp-json\/wp\/v2\/users\/1"}],"replies":[{"embeddable":true,"href":"https:\/\/www.pcnen.com\/portal\/wp-json\/wp\/v2\/comments?post=41149"}],"version-history":[{"count":0,"href":"https:\/\/www.pcnen.com\/portal\/wp-json\/wp\/v2\/posts\/41149\/revisions"}],"wp:attachment":[{"href":"https:\/\/www.pcnen.com\/portal\/wp-json\/wp\/v2\/media?parent=41149"}],"wp:term":[{"taxonomy":"category","embeddable":true,"href":"https:\/\/www.pcnen.com\/portal\/wp-json\/wp\/v2\/categories?post=41149"},{"taxonomy":"post_tag","embeddable":true,"href":"https:\/\/www.pcnen.com\/portal\/wp-json\/wp\/v2\/tags?post=41149"}],"curies":[{"name":"wp","href":"https:\/\/api.w.org\/{rel}","templated":true}]}}