{"id":41148,"date":"2011-02-01T16:11:44","date_gmt":"2011-02-01T16:11:44","guid":{"rendered":"http:\/\/www.pcnen.com\/portal\/?p=41148"},"modified":"2011-02-01T16:11:44","modified_gmt":"2011-02-01T16:11:44","slug":"zahtjev-za-oduzimanje-imovine-dzajicu-i-cvetkovicu","status":"publish","type":"post","link":"https:\/\/www.pcnen.com\/portal\/2011\/02\/01\/zahtjev-za-oduzimanje-imovine-dzajicu-i-cvetkovicu\/","title":{"rendered":"Zahtjev za oduzimanje imovine D\u017eaji\u0107u i Cvetkovi\u0107u"},"content":{"rendered":"<p>Vi&scaron;e tu\u017eila&scaron;tvo u Beogradu podnijelo je zahtjev sudu za privremeno oduzimanje imovine biv&scaron;ih \u010delnika fudbalskog kluba Crvena zvezda Dragana D\u017eaji\u0107a i Vladimira Cvetkovi\u0107a i jo&scaron; dvojice optu\u017eenih za prisvajanje vi&scaron;emilijunskih suma od transfera fudbalera u strane klubove, izjavili su danas njihovi advokati. <\/p>\n<p>Advokati su u nastavku su\u0111enja rekli da su optu\u017eeni poslije zavr&scaron;etka ju\u010dera&scaron;njeg su\u0111enja &quot;bukvalno presretnuti na ulici&quot; i da su im pripadnici Jedinice za finansijske istrage MUP-a uru\u010dili rje&scaron;enja o privremenoj zabrani raspolaganja imovinom. <\/p>\n<p>U slu\u010daju da budu osudjeni D\u017eaji\u0107u i Cvetkovi\u0107u imovina bi mogla biti trajno oduzeta. <\/p>\n<p>Optu\u017eeni se terete da su zloupotrebom slu\u017ebenog polo\u017eaja prisvojili 7,12 milijuna eura, osam i po miliona nekeda&scaron;njih njema\u010dkih maraka i dva miliona ameri\u010dkih dolara od transfera \u010detvorice fudbalera Crvene zvezde. <\/p>\n<p>Biv&scaron;i \u010delnici Crvene zvezde optu\u017eeni su za zloupotrebu slu\u017ebenog polo\u017eaja i mogli bi biti osudjeni do 12 godina zatvora.<\/p>\n","protected":false},"excerpt":{"rendered":"<p>Vi&scaron;e tu\u017eila&scaron;tvo u Beogradu podnijelo je zahtjev sudu za privremeno oduzimanje imovine biv&scaron;ih \u010delnika fudbalskog kluba Crvena zvezda Dragana D\u017eaji\u0107a i Vladimira Cvetkovi\u0107a i jo&scaron; dvojice optu\u017eenih za prisvajanje vi&scaron;emilijunskih suma od transfera fudbalera u strane klubove, izjavili su danas njihovi advokati. Advokati su u nastavku su\u0111enja rekli da su optu\u017eeni poslije zavr&scaron;etka ju\u010dera&scaron;njeg su\u0111enja [&hellip;]<\/p>\n","protected":false},"author":1,"featured_media":0,"comment_status":"open","ping_status":"closed","sticky":false,"template":"","format":"standard","meta":{"_seopress_robots_primary_cat":"","_seopress_titles_title":"","_seopress_titles_desc":"","_seopress_robots_index":"","_et_pb_use_builder":"","_et_pb_old_content":"","_et_gb_content_width":"","inline_featured_image":false,"footnotes":""},"categories":[14],"tags":[],"class_list":["post-41148","post","type-post","status-publish","format-standard","hentry","category-vijesti"],"_links":{"self":[{"href":"https:\/\/www.pcnen.com\/portal\/wp-json\/wp\/v2\/posts\/41148","targetHints":{"allow":["GET"]}}],"collection":[{"href":"https:\/\/www.pcnen.com\/portal\/wp-json\/wp\/v2\/posts"}],"about":[{"href":"https:\/\/www.pcnen.com\/portal\/wp-json\/wp\/v2\/types\/post"}],"author":[{"embeddable":true,"href":"https:\/\/www.pcnen.com\/portal\/wp-json\/wp\/v2\/users\/1"}],"replies":[{"embeddable":true,"href":"https:\/\/www.pcnen.com\/portal\/wp-json\/wp\/v2\/comments?post=41148"}],"version-history":[{"count":0,"href":"https:\/\/www.pcnen.com\/portal\/wp-json\/wp\/v2\/posts\/41148\/revisions"}],"wp:attachment":[{"href":"https:\/\/www.pcnen.com\/portal\/wp-json\/wp\/v2\/media?parent=41148"}],"wp:term":[{"taxonomy":"category","embeddable":true,"href":"https:\/\/www.pcnen.com\/portal\/wp-json\/wp\/v2\/categories?post=41148"},{"taxonomy":"post_tag","embeddable":true,"href":"https:\/\/www.pcnen.com\/portal\/wp-json\/wp\/v2\/tags?post=41148"}],"curies":[{"name":"wp","href":"https:\/\/api.w.org\/{rel}","templated":true}]}}