{"id":41147,"date":"2011-02-01T15:13:55","date_gmt":"2011-02-01T15:13:55","guid":{"rendered":"http:\/\/www.pcnen.com\/portal\/?p=41147"},"modified":"2011-02-01T15:13:55","modified_gmt":"2011-02-01T15:13:55","slug":"uhapsen-batkov-ratni-saradnik","status":"publish","type":"post","link":"https:\/\/www.pcnen.com\/portal\/2011\/02\/01\/uhapsen-batkov-ratni-saradnik\/","title":{"rendered":"Uhap\u0161en Batkov ratni saradnik"},"content":{"rendered":"<p>Pripadnici Dr\u017eavne agencije za istrage i za&scaron;titu (SIPA) su po nalogu Tu\u017eila&scaron;tva BiH uhapsili Sa&scaron;u Bari\u010danina zbog sumnje da je u\u010destvovao u zlo\u010dinima u sarajevskim naseljima Grbavica i Vraca, javlja <a href=\"http:\/\/www.bim.ba\/bh\/255\/10\/31653\/\"><em>bim.ba<\/em><\/a>.<\/p>\n<p>Kako je saop&scaron;teno iz Tu\u017eila&scaron;tva BiH, Bari\u010danin je osumnji\u010den da je tokom 1992. godine zajedno sa Veselinom Vlahovi\u0107em Batkom u\u010destvovao u ubistvima, silovanjima, plja\u010dkanjima i zastra&scaron;ivanjima civila nesrpske nacionalnosti sa podru\u010dja Grbavice i Vraca.<\/p>\n<p>Bari\u010danin je uhap&scaron;en na podru\u010dju Pala, a osumnji\u010den je za zlo\u010din protiv \u010dovje\u010dnosti.<\/p>\n<p>Veselina Vlahovi\u0107a Batka Tu\u017eila&scaron;tvo BiH sumnji\u010di za u\u010destvovanje u ubistvima, zlostavljanjima, silovanjima, plja\u010dkanjima, te odvo\u0111enjima civila Bo&scaron;njaka i Hrvata iz njihovih stanova u sarajevskim naseljima Grbavica i Vraca.<\/p>\n<p>Vlahovi\u0107 je uhap&scaron;en u &Scaron;paniji po\u010detkom marta pro&scaron;le godine, a BiH je izru\u010den 26. augusta 2010., od kada se i nalazi u pritvoru.<\/p>\n<p>Prema posljednjoj odluci Suda BiH, pritvor mu mo\u017ee trajati do 26. februara ove godine.<\/p>\n","protected":false},"excerpt":{"rendered":"<p>Pripadnici Dr\u017eavne agencije za istrage i za&scaron;titu (SIPA) su po nalogu Tu\u017eila&scaron;tva BiH uhapsili Sa&scaron;u Bari\u010danina zbog sumnje da je u\u010destvovao u zlo\u010dinima u sarajevskim naseljima Grbavica i Vraca, javlja bim.ba. Kako je saop&scaron;teno iz Tu\u017eila&scaron;tva BiH, Bari\u010danin je osumnji\u010den da je tokom 1992. godine zajedno sa Veselinom Vlahovi\u0107em Batkom u\u010destvovao u ubistvima, silovanjima, plja\u010dkanjima [&hellip;]<\/p>\n","protected":false},"author":1,"featured_media":0,"comment_status":"open","ping_status":"closed","sticky":false,"template":"","format":"standard","meta":{"_seopress_robots_primary_cat":"","_seopress_titles_title":"","_seopress_titles_desc":"","_seopress_robots_index":"","_et_pb_use_builder":"","_et_pb_old_content":"","_et_gb_content_width":"","inline_featured_image":false,"footnotes":""},"categories":[14],"tags":[],"class_list":["post-41147","post","type-post","status-publish","format-standard","hentry","category-vijesti"],"_links":{"self":[{"href":"https:\/\/www.pcnen.com\/portal\/wp-json\/wp\/v2\/posts\/41147","targetHints":{"allow":["GET"]}}],"collection":[{"href":"https:\/\/www.pcnen.com\/portal\/wp-json\/wp\/v2\/posts"}],"about":[{"href":"https:\/\/www.pcnen.com\/portal\/wp-json\/wp\/v2\/types\/post"}],"author":[{"embeddable":true,"href":"https:\/\/www.pcnen.com\/portal\/wp-json\/wp\/v2\/users\/1"}],"replies":[{"embeddable":true,"href":"https:\/\/www.pcnen.com\/portal\/wp-json\/wp\/v2\/comments?post=41147"}],"version-history":[{"count":0,"href":"https:\/\/www.pcnen.com\/portal\/wp-json\/wp\/v2\/posts\/41147\/revisions"}],"wp:attachment":[{"href":"https:\/\/www.pcnen.com\/portal\/wp-json\/wp\/v2\/media?parent=41147"}],"wp:term":[{"taxonomy":"category","embeddable":true,"href":"https:\/\/www.pcnen.com\/portal\/wp-json\/wp\/v2\/categories?post=41147"},{"taxonomy":"post_tag","embeddable":true,"href":"https:\/\/www.pcnen.com\/portal\/wp-json\/wp\/v2\/tags?post=41147"}],"curies":[{"name":"wp","href":"https:\/\/api.w.org\/{rel}","templated":true}]}}