{"id":41141,"date":"2011-02-01T12:30:22","date_gmt":"2011-02-01T12:30:22","guid":{"rendered":"http:\/\/www.pcnen.com\/portal\/?p=41141"},"modified":"2011-02-01T12:30:22","modified_gmt":"2011-02-01T12:30:22","slug":"kosovo-tuzi-srbiju","status":"publish","type":"post","link":"https:\/\/www.pcnen.com\/portal\/2011\/02\/01\/kosovo-tuzi-srbiju\/","title":{"rendered":"Kosovo tu\u017ei Srbiju?"},"content":{"rendered":"<p>Refki Suma, predsjednik op&scaron;tine \u0110eneral Jankovi\u0107 i odbornici lokalne skup&scaron;tine pokrenuli su inicijativu za podizanje tu\u017ebe protiv Srbije za navodno po\u010dinjene ratne zlo\u010dine nad civilima u toj op&scaron;tini tokom sukoba 1999. godine. <\/p>\n<p>Inicijativu su pozdravili aktivisti pokreta za ljudska prava i pravnici na Kosovu, prenosi pri&scaron;tinski list <em>Kosova sot<\/em>. <\/p>\n<p>Izvr&scaron;ni direktor Savjeta za za&scaron;titu ljudskih prava i sloboda Bed\u017eet &Scaron;alja je kazao da je inicijativa dobrdo&scaron;la, mada, kako je ocijenio, ima malo izgleda na uspjeh, ako se uzmu u obzir odnosi sa Srbijom i da jo&scaron; uvijek ne postoji adresu na koju bi tu\u017eba mogla da bude upu\u0107ena, prenosi <em>Tanjug<\/em>. <\/p>\n<p>&Scaron;alja smatra da u okviru kosovskih institucija treba formirati komisiju za istra\u017eivanje pro&scaron;losti i treba sistematizovati podatke koji se odnose na ratne zlo\u010dine na Kosovu kako bi bila podnijeta jedinstvena tu\u017eba. <\/p>\n","protected":false},"excerpt":{"rendered":"<p>Refki Suma, predsjednik op&scaron;tine \u0110eneral Jankovi\u0107 i odbornici lokalne skup&scaron;tine pokrenuli su inicijativu za podizanje tu\u017ebe protiv Srbije za navodno po\u010dinjene ratne zlo\u010dine nad civilima u toj op&scaron;tini tokom sukoba 1999. godine. Inicijativu su pozdravili aktivisti pokreta za ljudska prava i pravnici na Kosovu, prenosi pri&scaron;tinski list Kosova sot. Izvr&scaron;ni direktor Savjeta za za&scaron;titu ljudskih [&hellip;]<\/p>\n","protected":false},"author":1,"featured_media":0,"comment_status":"open","ping_status":"closed","sticky":false,"template":"","format":"standard","meta":{"_seopress_robots_primary_cat":"","_seopress_titles_title":"","_seopress_titles_desc":"","_seopress_robots_index":"","_et_pb_use_builder":"","_et_pb_old_content":"","_et_gb_content_width":"","inline_featured_image":false,"footnotes":""},"categories":[14],"tags":[],"class_list":["post-41141","post","type-post","status-publish","format-standard","hentry","category-vijesti"],"_links":{"self":[{"href":"https:\/\/www.pcnen.com\/portal\/wp-json\/wp\/v2\/posts\/41141","targetHints":{"allow":["GET"]}}],"collection":[{"href":"https:\/\/www.pcnen.com\/portal\/wp-json\/wp\/v2\/posts"}],"about":[{"href":"https:\/\/www.pcnen.com\/portal\/wp-json\/wp\/v2\/types\/post"}],"author":[{"embeddable":true,"href":"https:\/\/www.pcnen.com\/portal\/wp-json\/wp\/v2\/users\/1"}],"replies":[{"embeddable":true,"href":"https:\/\/www.pcnen.com\/portal\/wp-json\/wp\/v2\/comments?post=41141"}],"version-history":[{"count":0,"href":"https:\/\/www.pcnen.com\/portal\/wp-json\/wp\/v2\/posts\/41141\/revisions"}],"wp:attachment":[{"href":"https:\/\/www.pcnen.com\/portal\/wp-json\/wp\/v2\/media?parent=41141"}],"wp:term":[{"taxonomy":"category","embeddable":true,"href":"https:\/\/www.pcnen.com\/portal\/wp-json\/wp\/v2\/categories?post=41141"},{"taxonomy":"post_tag","embeddable":true,"href":"https:\/\/www.pcnen.com\/portal\/wp-json\/wp\/v2\/tags?post=41141"}],"curies":[{"name":"wp","href":"https:\/\/api.w.org\/{rel}","templated":true}]}}