{"id":41139,"date":"2011-02-01T11:23:56","date_gmt":"2011-02-01T11:23:56","guid":{"rendered":"http:\/\/www.pcnen.com\/portal\/?p=41139"},"modified":"2011-02-01T11:23:56","modified_gmt":"2011-02-01T11:23:56","slug":"plate-ignorisao-vecinu-crnogorskih-medija","status":"publish","type":"post","link":"https:\/\/www.pcnen.com\/portal\/2011\/02\/01\/plate-ignorisao-vecinu-crnogorskih-medija\/","title":{"rendered":"Plate ignorisao ve\u0107inu crnogorskih medija"},"content":{"rendered":"<p>Njema\u010dki ambasador u Crnoj Gori Peter Plate ignorisao je ve\u0107inu crnogorskih medija prilikom organizovanja pres konferencije u njema\u010dkoj ambasadi, povodom posjete predstavnika Bundestaga, pi&scaron;e <em>Pobjeda<\/em>. <\/p>\n<p>Umjesto uobi\u010dajenog poziva predstavnicima medija, ambasada Njema\u010dke je, prema pisanju lista, na sastanak sa njema\u010dkim poslanicima pozvala novinare samo tri crnogorska pisana medija. <\/p>\n<p>U komentaru <em>Pobjede<\/em> ocijenjeno je da je time ambasador Njema\u010dke &quot;uzurpirao pravo&quot; i uskratio crnogorske gra\u0111ane prava na punu informaciju o posjeti njema\u010dkih poslanika Crnoj Gori.<\/p>\n","protected":false},"excerpt":{"rendered":"<p>Njema\u010dki ambasador u Crnoj Gori Peter Plate ignorisao je ve\u0107inu crnogorskih medija prilikom organizovanja pres konferencije u njema\u010dkoj ambasadi, povodom posjete predstavnika Bundestaga, pi&scaron;e Pobjeda. Umjesto uobi\u010dajenog poziva predstavnicima medija, ambasada Njema\u010dke je, prema pisanju lista, na sastanak sa njema\u010dkim poslanicima pozvala novinare samo tri crnogorska pisana medija. U komentaru Pobjede ocijenjeno je da je [&hellip;]<\/p>\n","protected":false},"author":1,"featured_media":0,"comment_status":"open","ping_status":"closed","sticky":false,"template":"","format":"standard","meta":{"_seopress_robots_primary_cat":"","_seopress_titles_title":"","_seopress_titles_desc":"","_seopress_robots_index":"","_et_pb_use_builder":"","_et_pb_old_content":"","_et_gb_content_width":"","inline_featured_image":false,"footnotes":""},"categories":[14],"tags":[],"class_list":["post-41139","post","type-post","status-publish","format-standard","hentry","category-vijesti"],"_links":{"self":[{"href":"https:\/\/www.pcnen.com\/portal\/wp-json\/wp\/v2\/posts\/41139","targetHints":{"allow":["GET"]}}],"collection":[{"href":"https:\/\/www.pcnen.com\/portal\/wp-json\/wp\/v2\/posts"}],"about":[{"href":"https:\/\/www.pcnen.com\/portal\/wp-json\/wp\/v2\/types\/post"}],"author":[{"embeddable":true,"href":"https:\/\/www.pcnen.com\/portal\/wp-json\/wp\/v2\/users\/1"}],"replies":[{"embeddable":true,"href":"https:\/\/www.pcnen.com\/portal\/wp-json\/wp\/v2\/comments?post=41139"}],"version-history":[{"count":0,"href":"https:\/\/www.pcnen.com\/portal\/wp-json\/wp\/v2\/posts\/41139\/revisions"}],"wp:attachment":[{"href":"https:\/\/www.pcnen.com\/portal\/wp-json\/wp\/v2\/media?parent=41139"}],"wp:term":[{"taxonomy":"category","embeddable":true,"href":"https:\/\/www.pcnen.com\/portal\/wp-json\/wp\/v2\/categories?post=41139"},{"taxonomy":"post_tag","embeddable":true,"href":"https:\/\/www.pcnen.com\/portal\/wp-json\/wp\/v2\/tags?post=41139"}],"curies":[{"name":"wp","href":"https:\/\/api.w.org\/{rel}","templated":true}]}}