{"id":411389,"date":"2024-09-04T10:50:57","date_gmt":"2024-09-04T08:50:57","guid":{"rendered":"https:\/\/www.pcnen.com\/portal\/?p=411389"},"modified":"2024-09-04T10:50:57","modified_gmt":"2024-09-04T08:50:57","slug":"danska-policija-hapsi-ucesnike-protesta-protiv-izraelskog-rata-u-gazi","status":"publish","type":"post","link":"https:\/\/www.pcnen.com\/portal\/2024\/09\/04\/danska-policija-hapsi-ucesnike-protesta-protiv-izraelskog-rata-u-gazi\/","title":{"rendered":"Danska policija hapsi u\u010desnike protesta protiv izraelskog rata u Gazi"},"content":{"rendered":"<p>Danska policija je uhapsila \u0161vedsku aktivistkinju Gretu Tunberg na dana\u0161njim protestima protiv izraelskog rata u Gazi na Univerzitetu u Kopenhagenu, prenio je danski Ekstra bladet.<\/p>\n<p>Tunberg je na svom Instagram nalogu podijelila video snimljen ispred zgrade univerziteta i dodala da policija rastjeruje demonstrante.<\/p>\n<p>Grupa &#8220;Studenti protiv okupacije&#8221; je saop\u0161tila da ne\u0107e napustiti zgradu dok Univerzitet u Kopenhagenu ne okon\u010da saradnju sa izraelskim obrazovnim institucijama. Kako je naveo reporter Ekstra bladeta sa lica mjesta, pored Tunberg, policija je uhap\u0161ila jo\u0161 nekoliko demonstranata, prenosi euronews.<\/p>\n","protected":false},"excerpt":{"rendered":"<p>Danska policija je uhapsila \u0161vedsku aktivistkinju Gretu Tunberg na dana\u0161njim protestima protiv izraelskog rata u Gazi na Univerzitetu u Kopenhagenu, prenio je danski Ekstra bladet<\/p>\n","protected":false},"author":1,"featured_media":271573,"comment_status":"open","ping_status":"closed","sticky":false,"template":"","format":"standard","meta":{"_seopress_robots_primary_cat":"none","_seopress_titles_title":"","_seopress_titles_desc":"","_seopress_robots_index":"","_et_pb_use_builder":"","_et_pb_old_content":"","_et_gb_content_width":"","inline_featured_image":false,"footnotes":""},"categories":[14],"tags":[],"class_list":["post-411389","post","type-post","status-publish","format-standard","has-post-thumbnail","hentry","category-vijesti"],"_links":{"self":[{"href":"https:\/\/www.pcnen.com\/portal\/wp-json\/wp\/v2\/posts\/411389","targetHints":{"allow":["GET"]}}],"collection":[{"href":"https:\/\/www.pcnen.com\/portal\/wp-json\/wp\/v2\/posts"}],"about":[{"href":"https:\/\/www.pcnen.com\/portal\/wp-json\/wp\/v2\/types\/post"}],"author":[{"embeddable":true,"href":"https:\/\/www.pcnen.com\/portal\/wp-json\/wp\/v2\/users\/1"}],"replies":[{"embeddable":true,"href":"https:\/\/www.pcnen.com\/portal\/wp-json\/wp\/v2\/comments?post=411389"}],"version-history":[{"count":1,"href":"https:\/\/www.pcnen.com\/portal\/wp-json\/wp\/v2\/posts\/411389\/revisions"}],"predecessor-version":[{"id":411392,"href":"https:\/\/www.pcnen.com\/portal\/wp-json\/wp\/v2\/posts\/411389\/revisions\/411392"}],"wp:featuredmedia":[{"embeddable":true,"href":"https:\/\/www.pcnen.com\/portal\/wp-json\/wp\/v2\/media\/271573"}],"wp:attachment":[{"href":"https:\/\/www.pcnen.com\/portal\/wp-json\/wp\/v2\/media?parent=411389"}],"wp:term":[{"taxonomy":"category","embeddable":true,"href":"https:\/\/www.pcnen.com\/portal\/wp-json\/wp\/v2\/categories?post=411389"},{"taxonomy":"post_tag","embeddable":true,"href":"https:\/\/www.pcnen.com\/portal\/wp-json\/wp\/v2\/tags?post=411389"}],"curies":[{"name":"wp","href":"https:\/\/api.w.org\/{rel}","templated":true}]}}