{"id":411336,"date":"2024-09-03T18:10:58","date_gmt":"2024-09-03T16:10:58","guid":{"rendered":"https:\/\/www.pcnen.com\/portal\/?p=411336"},"modified":"2024-09-03T18:11:50","modified_gmt":"2024-09-03T16:11:50","slug":"trojica-ukrajinskih-ministara-i-sef-fonda-drzavne-imovine-podnijeli-ostavke","status":"publish","type":"post","link":"https:\/\/www.pcnen.com\/portal\/2024\/09\/03\/trojica-ukrajinskih-ministara-i-sef-fonda-drzavne-imovine-podnijeli-ostavke\/","title":{"rendered":"Trojica ukrajinskih ministara i \u0161ef Fonda dr\u017eavne imovine podnijeli ostavke"},"content":{"rendered":"<p>Ministar strate\u0161ke industrije Ukrajine Oleksandar Kami\u0161in, ministar pravde Denis Maljusik, ministar za\u0161tite \u017eivotne sredine i prirodnih resursa Ruslan Strilc i \u0161ef Fonda dr\u017eavne imovine Vitalij Kovalj podnijeli su danas ostavke, prenosi Tanjug.<\/p>\n<p>&#8221;Vrhovna Rada Ukrajine primila je izjave o ostavkama Kami\u0161ina, Maljusika, Strilca i Kovalja&#8221;, saop\u0161tio je predsjednik Vrhovne Rade Ruslan Stefan\u010duk, a prenosi Ukrinform.<\/p>\n<p>On je istakao da \u0107e njihove ostavke biti razmatrane na jednoj od narednih plenarnih sjednica.<\/p>\n","protected":false},"excerpt":{"rendered":"<p>Ministar strate\u0161ke industrije Ukrajine Oleksandar Kami\u0161in, ministar pravde Denis Maljusik, ministar za\u0161tite \u017eivotne sredine i prirodnih resursa Ruslan Strilc i \u0161ef Fonda dr\u017eavne imovine Vitalij Kovalj podnijeli su danas ostavke<\/p>\n","protected":false},"author":1,"featured_media":410376,"comment_status":"open","ping_status":"closed","sticky":false,"template":"","format":"standard","meta":{"_seopress_robots_primary_cat":"none","_seopress_titles_title":"","_seopress_titles_desc":"","_seopress_robots_index":"","_et_pb_use_builder":"","_et_pb_old_content":"","_et_gb_content_width":"","inline_featured_image":false,"footnotes":""},"categories":[14],"tags":[],"class_list":["post-411336","post","type-post","status-publish","format-standard","has-post-thumbnail","hentry","category-vijesti"],"_links":{"self":[{"href":"https:\/\/www.pcnen.com\/portal\/wp-json\/wp\/v2\/posts\/411336","targetHints":{"allow":["GET"]}}],"collection":[{"href":"https:\/\/www.pcnen.com\/portal\/wp-json\/wp\/v2\/posts"}],"about":[{"href":"https:\/\/www.pcnen.com\/portal\/wp-json\/wp\/v2\/types\/post"}],"author":[{"embeddable":true,"href":"https:\/\/www.pcnen.com\/portal\/wp-json\/wp\/v2\/users\/1"}],"replies":[{"embeddable":true,"href":"https:\/\/www.pcnen.com\/portal\/wp-json\/wp\/v2\/comments?post=411336"}],"version-history":[{"count":2,"href":"https:\/\/www.pcnen.com\/portal\/wp-json\/wp\/v2\/posts\/411336\/revisions"}],"predecessor-version":[{"id":411340,"href":"https:\/\/www.pcnen.com\/portal\/wp-json\/wp\/v2\/posts\/411336\/revisions\/411340"}],"wp:featuredmedia":[{"embeddable":true,"href":"https:\/\/www.pcnen.com\/portal\/wp-json\/wp\/v2\/media\/410376"}],"wp:attachment":[{"href":"https:\/\/www.pcnen.com\/portal\/wp-json\/wp\/v2\/media?parent=411336"}],"wp:term":[{"taxonomy":"category","embeddable":true,"href":"https:\/\/www.pcnen.com\/portal\/wp-json\/wp\/v2\/categories?post=411336"},{"taxonomy":"post_tag","embeddable":true,"href":"https:\/\/www.pcnen.com\/portal\/wp-json\/wp\/v2\/tags?post=411336"}],"curies":[{"name":"wp","href":"https:\/\/api.w.org\/{rel}","templated":true}]}}