{"id":411331,"date":"2024-09-03T17:52:34","date_gmt":"2024-09-03T15:52:34","guid":{"rendered":"https:\/\/www.pcnen.com\/portal\/?p=411331"},"modified":"2024-09-03T18:04:34","modified_gmt":"2024-09-03T16:04:34","slug":"drzava-palestina-netanjahuova-mapa-otkriva-pravu-agendu-rasisticke-kolonijalne-krajnje-desnicarske-izraelske-vlade","status":"publish","type":"post","link":"https:\/\/www.pcnen.com\/portal\/2024\/09\/03\/drzava-palestina-netanjahuova-mapa-otkriva-pravu-agendu-rasisticke-kolonijalne-krajnje-desnicarske-izraelske-vlade\/","title":{"rendered":"Dr\u017eava Palestina: Netanjahuova mapa otkriva pravu agendu rasisti\u010dke, kolonijalne krajnje desni\u010darske izraelske vlade"},"content":{"rendered":"<p>Ministarstvo vanjskih poslova i iseljenika Dr\u017eave Palestine je osudilo ponovljeno kori\u0161tenje mape od strane izraelskog premijera Bend\u017eamina Natenjahua koja uklju\u010duje okupiranu Zapadnu obalu kao dio Izraela &#8220;kao o\u010dito priznanje izraelske kolonijalne i rasisti\u010dke agende&#8221;.<\/p>\n<p>&#8220;Ovaj rasisti\u010dki stav pokazuje nepo\u0161tivanje me\u0111unarodnog prava, mirovnih sporazuma i globalnih napora da se o\u017eivi rje\u0161enje o dvije dr\u017eave i zaustavi teku\u0107i genocid nad palestinskim narodom. Ministarstvo ovo smatra ozbiljnim kr\u0161enjem me\u0111unarodnog prava, posebno jer Izrael nastavlja sa svojim ratnim zlo\u010dinima protiv Palestinaca s ciljem da negira njihovo postojanje i njihova legitimna nacionalna prava&#8221;, ka\u017ee se u saop\u0161tenju palestinskog ministarstva.<\/p>\n<p>Ministarstvo vanjskih poslova i iseljenika Dr\u017eave Palestine konstatuje da &#8220;Netanjahuova ekspanzionisti\u010dka politika, otvoreno prikazana svijetu, dio je poku\u0161aja da se Palestinci nasilno protjeraju iz njihove domovine&#8221; i poziva me\u0111unarodnu zajednicu &#8220;da ispuni svoje obaveze i odmah provede savjetodavno mi\u0161ljenje Me\u0111unarodnog suda pravde prije nego \u0161to bude prekasno&#8221;.<\/p>\n","protected":false},"excerpt":{"rendered":"<p>Ministarstvo vanjskih poslova i iseljenika Dr\u017eave Palestine je osudilo ponovljeno kori\u0161tenje mape od strane izraelskog premijera Bend\u017eamina Natenjahua koja uklju\u010duje okupiranu Zapadnu obalu kao dio Izraela &#8220;kao o\u010dito priznanje izraelske kolonijalne i rasisti\u010dke agende&#8221;<\/p>\n","protected":false},"author":1,"featured_media":331486,"comment_status":"open","ping_status":"closed","sticky":false,"template":"","format":"standard","meta":{"_seopress_robots_primary_cat":"none","_seopress_titles_title":"","_seopress_titles_desc":"","_seopress_robots_index":"","_et_pb_use_builder":"","_et_pb_old_content":"","_et_gb_content_width":"","inline_featured_image":false,"footnotes":""},"categories":[14],"tags":[],"class_list":["post-411331","post","type-post","status-publish","format-standard","has-post-thumbnail","hentry","category-vijesti"],"_links":{"self":[{"href":"https:\/\/www.pcnen.com\/portal\/wp-json\/wp\/v2\/posts\/411331","targetHints":{"allow":["GET"]}}],"collection":[{"href":"https:\/\/www.pcnen.com\/portal\/wp-json\/wp\/v2\/posts"}],"about":[{"href":"https:\/\/www.pcnen.com\/portal\/wp-json\/wp\/v2\/types\/post"}],"author":[{"embeddable":true,"href":"https:\/\/www.pcnen.com\/portal\/wp-json\/wp\/v2\/users\/1"}],"replies":[{"embeddable":true,"href":"https:\/\/www.pcnen.com\/portal\/wp-json\/wp\/v2\/comments?post=411331"}],"version-history":[{"count":2,"href":"https:\/\/www.pcnen.com\/portal\/wp-json\/wp\/v2\/posts\/411331\/revisions"}],"predecessor-version":[{"id":411335,"href":"https:\/\/www.pcnen.com\/portal\/wp-json\/wp\/v2\/posts\/411331\/revisions\/411335"}],"wp:featuredmedia":[{"embeddable":true,"href":"https:\/\/www.pcnen.com\/portal\/wp-json\/wp\/v2\/media\/331486"}],"wp:attachment":[{"href":"https:\/\/www.pcnen.com\/portal\/wp-json\/wp\/v2\/media?parent=411331"}],"wp:term":[{"taxonomy":"category","embeddable":true,"href":"https:\/\/www.pcnen.com\/portal\/wp-json\/wp\/v2\/categories?post=411331"},{"taxonomy":"post_tag","embeddable":true,"href":"https:\/\/www.pcnen.com\/portal\/wp-json\/wp\/v2\/tags?post=411331"}],"curies":[{"name":"wp","href":"https:\/\/api.w.org\/{rel}","templated":true}]}}