{"id":411323,"date":"2024-09-03T16:53:50","date_gmt":"2024-09-03T14:53:50","guid":{"rendered":"https:\/\/www.pcnen.com\/portal\/?p=411323"},"modified":"2024-09-03T16:53:50","modified_gmt":"2024-09-03T14:53:50","slug":"ijz-registrovana-dva-nova-slucaja-obolijevanja-od-morbila","status":"publish","type":"post","link":"https:\/\/www.pcnen.com\/portal\/2024\/09\/03\/ijz-registrovana-dva-nova-slucaja-obolijevanja-od-morbila\/","title":{"rendered":"IJZ: Registrovana dva nova slu\u010daja obolijevanja od morbila"},"content":{"rendered":"<p>Epidemija morbila prijavljena je danas u Ro\u017eajama, a iz Instituta za javno zdravlje mole roditelje da nevakcinisanu djecu ne \u0161alju u vrti\u0107e i \u0161kole.<\/p>\n<p>Kako je saop\u0161teno iz Instituta za javno zdravlje (IJZ), tokom prethodna tri dana (31.08 &#8211; 02.09.2024.) registrovana su dva nova slu\u010daja obolijevanja od morbila, \u010dime je broj ukupno registrovanih slu\u010dajeva u Crnoj Gori, tokom posljednjih pet mjeseci porastao na 23.<\/p>\n<p>&#8220;Od dva novoregistrovana slu\u010daja, jedan je registovan u Ro\u017eajama, a drugi u Budvi. Slu\u010daj obolijevanja u Ro\u017eajama je epidemiolo\u0161ki povezan sa prethodno registrovanim slu\u010dajem u toj op\u0161tini, \u010dime se stekao uslov za prijavu epidemije i u Ro\u017eajama, pored ve\u0107 aktuelnih epidemija u Budvi i Podgorici. Epidemiolo\u0161ko povezivanje slu\u010dajeva dokazuje da je uspostavljena lokalna transmisija virusa, i da se epidemiolo\u0161ka situacija uslo\u017enjava, tj. raste rizik od naglog \u0161irenja morbila. Svi do sada registrovani slu\u010dajevi u Crnoj Gori su laboratorijski potvr\u0111eni (na osnovu PCR testa i\/ili serolo\u0161kog testa &#8211; prisustva specifi\u010dnih antitijela na morbile), saop\u0161teno je iz IJZ-a.<\/p>\n<p>Dodaju da sa po\u010detkom nove \u0161kolske godine, rizik od daljeg \u0161irenja morbila dodatno raste.<\/p>\n<p>&#8220;IJZCG u kontinuitetu poziva roditelje da iskoriste redovne i dodatne termine za vakcinaciju (koje odre\u0111eni domovi zdravlja organizuju vikendom), da vakcini\u0161u djecu bez odlaganja, a da nevakcinisanu djecu ne \u0161alju u kolektive (pred\u0161kolske i \u0161kolske ustanove, igraonice, ro\u0111endaonice, sportsko-rekreativne objekte, izlete, ekskurzije&#8230;)&#8221;, navodi se u saop\u0161tenju.<\/p>\n","protected":false},"excerpt":{"rendered":"<p>Epidemija morbila prijavljena je danas u Ro\u017eajama, a iz Instituta za javno zdravlje mole roditelje da nevakcinisanu djecu ne \u0161alju u vrti\u0107e i \u0161kole.<\/p>\n","protected":false},"author":1,"featured_media":362699,"comment_status":"open","ping_status":"closed","sticky":false,"template":"","format":"standard","meta":{"_seopress_robots_primary_cat":"none","_seopress_titles_title":"","_seopress_titles_desc":"","_seopress_robots_index":"","_et_pb_use_builder":"","_et_pb_old_content":"","_et_gb_content_width":"","inline_featured_image":false,"footnotes":""},"categories":[14],"tags":[],"class_list":["post-411323","post","type-post","status-publish","format-standard","has-post-thumbnail","hentry","category-vijesti"],"_links":{"self":[{"href":"https:\/\/www.pcnen.com\/portal\/wp-json\/wp\/v2\/posts\/411323","targetHints":{"allow":["GET"]}}],"collection":[{"href":"https:\/\/www.pcnen.com\/portal\/wp-json\/wp\/v2\/posts"}],"about":[{"href":"https:\/\/www.pcnen.com\/portal\/wp-json\/wp\/v2\/types\/post"}],"author":[{"embeddable":true,"href":"https:\/\/www.pcnen.com\/portal\/wp-json\/wp\/v2\/users\/1"}],"replies":[{"embeddable":true,"href":"https:\/\/www.pcnen.com\/portal\/wp-json\/wp\/v2\/comments?post=411323"}],"version-history":[{"count":1,"href":"https:\/\/www.pcnen.com\/portal\/wp-json\/wp\/v2\/posts\/411323\/revisions"}],"predecessor-version":[{"id":411326,"href":"https:\/\/www.pcnen.com\/portal\/wp-json\/wp\/v2\/posts\/411323\/revisions\/411326"}],"wp:featuredmedia":[{"embeddable":true,"href":"https:\/\/www.pcnen.com\/portal\/wp-json\/wp\/v2\/media\/362699"}],"wp:attachment":[{"href":"https:\/\/www.pcnen.com\/portal\/wp-json\/wp\/v2\/media?parent=411323"}],"wp:term":[{"taxonomy":"category","embeddable":true,"href":"https:\/\/www.pcnen.com\/portal\/wp-json\/wp\/v2\/categories?post=411323"},{"taxonomy":"post_tag","embeddable":true,"href":"https:\/\/www.pcnen.com\/portal\/wp-json\/wp\/v2\/tags?post=411323"}],"curies":[{"name":"wp","href":"https:\/\/api.w.org\/{rel}","templated":true}]}}