{"id":411319,"date":"2024-09-03T16:21:09","date_gmt":"2024-09-03T14:21:09","guid":{"rendered":"https:\/\/www.pcnen.com\/portal\/?p=411319"},"modified":"2024-09-03T16:21:09","modified_gmt":"2024-09-03T14:21:09","slug":"sjutra-pocinje-akcija-stop-saobracajnoj-nekulturi-u-centru-podgorice","status":"publish","type":"post","link":"https:\/\/www.pcnen.com\/portal\/2024\/09\/03\/sjutra-pocinje-akcija-stop-saobracajnoj-nekulturi-u-centru-podgorice\/","title":{"rendered":"Sjutra po\u010dinje akcija &#8216;Stop saobra\u0107ajnoj nekulturi u centru Podgorice&#8217;"},"content":{"rendered":"<p>Glavni grad Podgorica u saradnji sa Upravom policije, od sjutra po\u010dinje akciju suzbijanja nepropisnog parkiranja u centru Podgorice.<\/p>\n<p>To je dogovoreno na dana\u0161njem sastanku menad\u017eera Glavnog grada Luke \u0110ukanovi\u0107a, predstavnika Uprave za inspekcijske poslove i Slu\u017ebe komunalne policija Glavnog grada, sa pomo\u0107nikom na\u010delnika Regionalnog centra bezbjednosti \u201cCentar\u201d, Milanom Radusinovi\u0107em i komandirom saobra\u0107ajne policije Odjeljenja bezbjednosti Podgorica, Ratkom Furtulom.<\/p>\n<p>Kako su kazali iz Glavnog grada, ova inicijativa pokrenuta je kao odgovor na sve u\u010destalije kr\u0161enje saobra\u0107ajnih propisa, koje ozbiljno naru\u0161ava bezbjednost u\u010desnika u saobra\u0107aju, ometa kretanje pje\u0161aka, te doprinosi stvaranju saobra\u0107ajnih gu\u017evi.<\/p>\n<p>&#8220;Cilj akcije koja \u0107e po\u010deti sjutra u 11 \u010dasova je podizanje svijesti voza\u010da o va\u017enosti po\u0161tovanja saobra\u0107ajnih pravila i o\u010duvanja reda u saobra\u0107aju. Tokom trajanja akcije, policijski slu\u017ebenici, komunalni inspektori i komunalni policajci \u0107e vr\u0161iti poja\u010dane kontrole na kriti\u010dnim ta\u010dkama u centru grada, sa posebnim fokusom na najfrekventnije ulice i pje\u0161a\u010dke zone. Nepropisno parkirana vozila bi\u0107e sankcionisana u skladu sa va\u017ee\u0107im zakonskim propisima, a u slu\u010daju potrebe, bi\u0107e sprovedeno i njihovo uklanjanje&#8221;, rekli su iz Glavnog grada.<\/p>\n<p>&#8220;Akcija \u0107e trajati sve dok se ne postignu \u017eeljeni rezultati, a nadle\u017eni organi nastavi\u0107e sa redovnim kontrolama i nakon njenog zavr\u0161etka&#8221;, poru\u010dili su iz Glavnog grada.<\/p>\n","protected":false},"excerpt":{"rendered":"<p>Glavni grad Podgorica u saradnji sa Upravom policije, od sjutra po\u010dinje akciju suzbijanja nepropisnog parkiranja u centru Podgorice.<\/p>\n","protected":false},"author":1,"featured_media":363529,"comment_status":"open","ping_status":"closed","sticky":false,"template":"","format":"standard","meta":{"_seopress_robots_primary_cat":"none","_seopress_titles_title":"","_seopress_titles_desc":"","_seopress_robots_index":"","_et_pb_use_builder":"","_et_pb_old_content":"","_et_gb_content_width":"","inline_featured_image":false,"footnotes":""},"categories":[14],"tags":[],"class_list":["post-411319","post","type-post","status-publish","format-standard","has-post-thumbnail","hentry","category-vijesti"],"_links":{"self":[{"href":"https:\/\/www.pcnen.com\/portal\/wp-json\/wp\/v2\/posts\/411319","targetHints":{"allow":["GET"]}}],"collection":[{"href":"https:\/\/www.pcnen.com\/portal\/wp-json\/wp\/v2\/posts"}],"about":[{"href":"https:\/\/www.pcnen.com\/portal\/wp-json\/wp\/v2\/types\/post"}],"author":[{"embeddable":true,"href":"https:\/\/www.pcnen.com\/portal\/wp-json\/wp\/v2\/users\/1"}],"replies":[{"embeddable":true,"href":"https:\/\/www.pcnen.com\/portal\/wp-json\/wp\/v2\/comments?post=411319"}],"version-history":[{"count":1,"href":"https:\/\/www.pcnen.com\/portal\/wp-json\/wp\/v2\/posts\/411319\/revisions"}],"predecessor-version":[{"id":411322,"href":"https:\/\/www.pcnen.com\/portal\/wp-json\/wp\/v2\/posts\/411319\/revisions\/411322"}],"wp:featuredmedia":[{"embeddable":true,"href":"https:\/\/www.pcnen.com\/portal\/wp-json\/wp\/v2\/media\/363529"}],"wp:attachment":[{"href":"https:\/\/www.pcnen.com\/portal\/wp-json\/wp\/v2\/media?parent=411319"}],"wp:term":[{"taxonomy":"category","embeddable":true,"href":"https:\/\/www.pcnen.com\/portal\/wp-json\/wp\/v2\/categories?post=411319"},{"taxonomy":"post_tag","embeddable":true,"href":"https:\/\/www.pcnen.com\/portal\/wp-json\/wp\/v2\/tags?post=411319"}],"curies":[{"name":"wp","href":"https:\/\/api.w.org\/{rel}","templated":true}]}}