{"id":411307,"date":"2024-09-03T11:46:32","date_gmt":"2024-09-03T09:46:32","guid":{"rendered":"https:\/\/www.pcnen.com\/portal\/?p=411307"},"modified":"2024-09-03T11:46:32","modified_gmt":"2024-09-03T09:46:32","slug":"ek-cg-da-nas-obavjestava-o-svojim-namjerama-prije-bilo-kakve-odluke-o-dvojnom-drzavljanstvu","status":"publish","type":"post","link":"https:\/\/www.pcnen.com\/portal\/2024\/09\/03\/ek-cg-da-nas-obavjestava-o-svojim-namjerama-prije-bilo-kakve-odluke-o-dvojnom-drzavljanstvu\/","title":{"rendered":"EK: CG da nas obavje\u0161tava o svojim namjerama prije bilo kakve odluke o dvojnom dr\u017eavljanstvu"},"content":{"rendered":"<p>Evropska komisija (EK) tra\u017ei od Crne Gore da je &#8220;dr\u017ei u potpunosti obavije\u0161tenom o svojim namjerama&#8221; prije bilo kakve odluke o dvojnom dr\u017eavljanstvu.<\/p>\n<p>To je za <a href=\"https:\/\/www.slobodnaevropa.org\/a\/dvojno-drzavljanstvo-crna-gora\/33081603.html\">Radio Slobodna Evropa (RSE) kazao portparol<\/a> EK, navode\u0107i da zemlje \u010dlanice defini\u0161u pravila o dr\u017eavljanstvu vode\u0107i ra\u010duna o evropskom zakonodavstvu.<\/p>\n<p>&#8220;Kao zemlja kandidat, Crna Gora treba da se uzdr\u017ei od bilo koje mjere koja bi mogla ugroziti strate\u0161ki put zemlje u EU ili bezbjednost EU, uklju\u010dujuc\u0301i kori\u0161\u0107enje prerogativa za dodjelu dr\u017eavljanstva&#8221;, kazao je na pitanje RSE da li \u0107e Brisel pratiti situaciju povodom zahtjeva za uvo\u0111enje dvojnog dr\u017eavljanstva.<\/p>\n<p>Za potpisivanje sporazuma o dvojnom dr\u017eavljanstvu sa Srbijom i drugim zemljama i promjenu Zakona o dr\u017eavljanstvu zala\u017eu se proruske i prosrpske partije koje dominiraju u crnogorskoj vlasti.<\/p>\n<p>Inicijativu je podr\u017eao i premijer Milojko Spaji\u0107, kazav\u0161i da Crna Gora ne smije da se odri\u010de &#8220;svoje djece&#8221;. Kako je rekao, ima oko 300.000 slu\u010dajeva koje bi ovaj zakon trebalo da &#8220;prepozna&#8221;.<\/p>\n<p>Ovu izjavu kasnije je dopunio najavom da \u0107e Vlada na inicijativu Skup\u0161tine raditi na izradi zakonodavnog okvira koji bi uspostavio sistem dvojnog dr\u017eavljanstva, po ugledu na zemlje EU.<\/p>\n<p>Crna Gora sa 630.000 stanovnika, zabranjuje dvojno dr\u017eavljanstvo.<\/p>\n<p>Vi\u0161e manjih evropskih zemalja, kao \u0161to su Austrija, Holandija, Litvanija i Estonija, ne dozvoljavaju dvojno dr\u017eavljanstvo.<\/p>\n","protected":false},"excerpt":{"rendered":"<p>Evropska komisija (EK) tra\u017ei od Crne Gore da je &#8220;dr\u017ei u potpunosti obavije\u0161tenom o svojim namjerama&#8221; prije bilo kakve odluke o dvojnom dr\u017eavljanstvu.<\/p>\n","protected":false},"author":1,"featured_media":0,"comment_status":"open","ping_status":"closed","sticky":false,"template":"","format":"standard","meta":{"_seopress_robots_primary_cat":"none","_seopress_titles_title":"","_seopress_titles_desc":"","_seopress_robots_index":"","_et_pb_use_builder":"","_et_pb_old_content":"","_et_gb_content_width":"","inline_featured_image":false,"footnotes":""},"categories":[14],"tags":[],"class_list":["post-411307","post","type-post","status-publish","format-standard","hentry","category-vijesti"],"_links":{"self":[{"href":"https:\/\/www.pcnen.com\/portal\/wp-json\/wp\/v2\/posts\/411307","targetHints":{"allow":["GET"]}}],"collection":[{"href":"https:\/\/www.pcnen.com\/portal\/wp-json\/wp\/v2\/posts"}],"about":[{"href":"https:\/\/www.pcnen.com\/portal\/wp-json\/wp\/v2\/types\/post"}],"author":[{"embeddable":true,"href":"https:\/\/www.pcnen.com\/portal\/wp-json\/wp\/v2\/users\/1"}],"replies":[{"embeddable":true,"href":"https:\/\/www.pcnen.com\/portal\/wp-json\/wp\/v2\/comments?post=411307"}],"version-history":[{"count":1,"href":"https:\/\/www.pcnen.com\/portal\/wp-json\/wp\/v2\/posts\/411307\/revisions"}],"predecessor-version":[{"id":411310,"href":"https:\/\/www.pcnen.com\/portal\/wp-json\/wp\/v2\/posts\/411307\/revisions\/411310"}],"wp:attachment":[{"href":"https:\/\/www.pcnen.com\/portal\/wp-json\/wp\/v2\/media?parent=411307"}],"wp:term":[{"taxonomy":"category","embeddable":true,"href":"https:\/\/www.pcnen.com\/portal\/wp-json\/wp\/v2\/categories?post=411307"},{"taxonomy":"post_tag","embeddable":true,"href":"https:\/\/www.pcnen.com\/portal\/wp-json\/wp\/v2\/tags?post=411307"}],"curies":[{"name":"wp","href":"https:\/\/api.w.org\/{rel}","templated":true}]}}