{"id":411264,"date":"2024-09-02T20:12:09","date_gmt":"2024-09-02T18:12:09","guid":{"rendered":"https:\/\/www.pcnen.com\/portal\/?p=411264"},"modified":"2024-09-02T20:12:09","modified_gmt":"2024-09-02T18:12:09","slug":"sinjski-gradonacelnik-zabranio-izlozbu-o-obicajima-srba-u-hrvatskoj","status":"publish","type":"post","link":"https:\/\/www.pcnen.com\/portal\/2024\/09\/02\/sinjski-gradonacelnik-zabranio-izlozbu-o-obicajima-srba-u-hrvatskoj\/","title":{"rendered":"Sinjski gradona\u010delnik zabranio izlo\u017ebu o obi\u010dajima Srba u Hrvatskoj"},"content":{"rendered":"<p>Gradona\u010delnik Sinja i saborski zastupnik zabranio je odr\u017eavanje izlo\u017ebe &#8220;Susret na trome\u0111i&#8221; koju je trebala da organizuje Galerija Sikirica uz financijsku podr\u0161ku Srpskog narodnog vije\u0107a. Izlo\u017eba suvremene hrvatske fotografkinje Inije Heren\u010di\u0107 trebala je biti otvorena u srijedu u 20 sati u Gradskoj galeriji Sikirica u Sinju.<\/p>\n<p>U opisu izlo\u017ebe navedeno je kako se radi o ciklusu fotografija koje prate tradicionalnu kulturnu manifestaciju &#8221;Sijelo trome\u0111e&#8221;, koja se odvija u selu Strmica kontinuirano ve\u0107 du\u017ee od pola vijeka. Manifestacija predstavlja prvenstveno narodne obi\u010daje hrvatskih Srba, ali i onih iz susjednih zemalja.<\/p>\n<p>&#8220;Naime, veliki sam protivnik zabrana, ali u prostorima i ustanovama kojima upravlja Grad Sinj moram voditi ra\u010duna o osje\u0107ajima gra\u0111ana koji su me izabrali. Kao izabrani gradona\u010delnik i saborski zastupnik, moram voditi ra\u010duna o po\u0161tivanju temelja na kojima je uspostavljena moderna hrvatska dr\u017eava, a tu prvenstveno mislim na Domovinski rat&#8221;, rekao je Bulj, a <a href=\"https:\/\/www.index.hr\/vijesti\/clanak\/bulj-zabranio-izlozbu-o-obicajima-srba-u-hrvatskoj\/2595263.aspx\" target=\"_blank\" rel=\"noopener\">prenosi<\/a> portal Index.hr.<\/p>\n","protected":false},"excerpt":{"rendered":"<p>Gradona\u010delnik Sinja i saborski zastupnik zabranio je odr\u017eavanje izlo\u017ebe &#8220;Susret na trome\u0111i&#8221; koju je trebala da organizuje Galerija Sikirica uz financijsku podr\u0161ku Srpskog narodnog vije\u0107a<\/p>\n","protected":false},"author":1,"featured_media":411267,"comment_status":"open","ping_status":"closed","sticky":false,"template":"","format":"standard","meta":{"_seopress_robots_primary_cat":"none","_seopress_titles_title":"","_seopress_titles_desc":"","_seopress_robots_index":"","_et_pb_use_builder":"","_et_pb_old_content":"","_et_gb_content_width":"","inline_featured_image":false,"footnotes":""},"categories":[14],"tags":[],"class_list":["post-411264","post","type-post","status-publish","format-standard","has-post-thumbnail","hentry","category-vijesti"],"_links":{"self":[{"href":"https:\/\/www.pcnen.com\/portal\/wp-json\/wp\/v2\/posts\/411264","targetHints":{"allow":["GET"]}}],"collection":[{"href":"https:\/\/www.pcnen.com\/portal\/wp-json\/wp\/v2\/posts"}],"about":[{"href":"https:\/\/www.pcnen.com\/portal\/wp-json\/wp\/v2\/types\/post"}],"author":[{"embeddable":true,"href":"https:\/\/www.pcnen.com\/portal\/wp-json\/wp\/v2\/users\/1"}],"replies":[{"embeddable":true,"href":"https:\/\/www.pcnen.com\/portal\/wp-json\/wp\/v2\/comments?post=411264"}],"version-history":[{"count":1,"href":"https:\/\/www.pcnen.com\/portal\/wp-json\/wp\/v2\/posts\/411264\/revisions"}],"predecessor-version":[{"id":411268,"href":"https:\/\/www.pcnen.com\/portal\/wp-json\/wp\/v2\/posts\/411264\/revisions\/411268"}],"wp:featuredmedia":[{"embeddable":true,"href":"https:\/\/www.pcnen.com\/portal\/wp-json\/wp\/v2\/media\/411267"}],"wp:attachment":[{"href":"https:\/\/www.pcnen.com\/portal\/wp-json\/wp\/v2\/media?parent=411264"}],"wp:term":[{"taxonomy":"category","embeddable":true,"href":"https:\/\/www.pcnen.com\/portal\/wp-json\/wp\/v2\/categories?post=411264"},{"taxonomy":"post_tag","embeddable":true,"href":"https:\/\/www.pcnen.com\/portal\/wp-json\/wp\/v2\/tags?post=411264"}],"curies":[{"name":"wp","href":"https:\/\/api.w.org\/{rel}","templated":true}]}}