{"id":411212,"date":"2024-09-02T12:27:41","date_gmt":"2024-09-02T10:27:41","guid":{"rendered":"https:\/\/www.pcnen.com\/portal\/?p=411212"},"modified":"2024-09-02T12:27:41","modified_gmt":"2024-09-02T10:27:41","slug":"radnici-i-kompanije-civilne-avijacije-na-aerodromu-u-tel-avivu-produzili-strajk","status":"publish","type":"post","link":"https:\/\/www.pcnen.com\/portal\/2024\/09\/02\/radnici-i-kompanije-civilne-avijacije-na-aerodromu-u-tel-avivu-produzili-strajk\/","title":{"rendered":"Radnici i kompanije civilne avijacije na aerodromu u Tel Avivu produ\u017eili \u0161trajk"},"content":{"rendered":"<p>Al D\u017eazira prenosi izraelske medije koji izvje\u0161tavaju da se dvosatni \u0161trajk na aerodromu Ben Gurion u Tel Avivu, prvobitno planiran za jutros, nastavlja jer su radnici i kompanije civilne avijacije odlu\u010dili da odgode akciju kao odgovor na poziv glavnog izraelskog\u00a0 sindikata Histadrut.<\/p>\n<p>Sindikat je danas pozvao na op\u0161ti \u0161trajk \u0161irom zemlje nakon izvla\u010denja u subotu tijela \u0161est osoba koje su bili taoci palestinskog Hamasa, s ciljem vr\u0161enja pritiska na vladu da sklopi dogovor s Hamasom o osloba\u0111anju preostalih taoca.<\/p>\n<p>Izraelska novinska ku\u0107a Ynet News je izvijestila da je sedam letova bilo dopu\u0161teno sa aerodroma, ali ostali redovni letovi i dalje su prizemljeni.<\/p>\n","protected":false},"excerpt":{"rendered":"<p>Al D\u017eazira prenosi izraelske medije koji izvje\u0161tavaju da se dvosatni \u0161trajk na aerodromu Ben Gurion u Tel Avivu, prvobitno planiran za jutros, nastavlja jer su radnici i kompanije civilne avijacije odlu\u010dili da odgode akciju kao odgovor na poziv glavnog izraelskog\u00a0 sindikata Histadrut<\/p>\n","protected":false},"author":1,"featured_media":0,"comment_status":"open","ping_status":"closed","sticky":false,"template":"","format":"standard","meta":{"_seopress_robots_primary_cat":"none","_seopress_titles_title":"","_seopress_titles_desc":"","_seopress_robots_index":"","_et_pb_use_builder":"","_et_pb_old_content":"","_et_gb_content_width":"","inline_featured_image":false,"footnotes":""},"categories":[14],"tags":[],"class_list":["post-411212","post","type-post","status-publish","format-standard","hentry","category-vijesti"],"_links":{"self":[{"href":"https:\/\/www.pcnen.com\/portal\/wp-json\/wp\/v2\/posts\/411212","targetHints":{"allow":["GET"]}}],"collection":[{"href":"https:\/\/www.pcnen.com\/portal\/wp-json\/wp\/v2\/posts"}],"about":[{"href":"https:\/\/www.pcnen.com\/portal\/wp-json\/wp\/v2\/types\/post"}],"author":[{"embeddable":true,"href":"https:\/\/www.pcnen.com\/portal\/wp-json\/wp\/v2\/users\/1"}],"replies":[{"embeddable":true,"href":"https:\/\/www.pcnen.com\/portal\/wp-json\/wp\/v2\/comments?post=411212"}],"version-history":[{"count":1,"href":"https:\/\/www.pcnen.com\/portal\/wp-json\/wp\/v2\/posts\/411212\/revisions"}],"predecessor-version":[{"id":411216,"href":"https:\/\/www.pcnen.com\/portal\/wp-json\/wp\/v2\/posts\/411212\/revisions\/411216"}],"wp:attachment":[{"href":"https:\/\/www.pcnen.com\/portal\/wp-json\/wp\/v2\/media?parent=411212"}],"wp:term":[{"taxonomy":"category","embeddable":true,"href":"https:\/\/www.pcnen.com\/portal\/wp-json\/wp\/v2\/categories?post=411212"},{"taxonomy":"post_tag","embeddable":true,"href":"https:\/\/www.pcnen.com\/portal\/wp-json\/wp\/v2\/tags?post=411212"}],"curies":[{"name":"wp","href":"https:\/\/api.w.org\/{rel}","templated":true}]}}