{"id":411157,"date":"2024-09-01T15:05:01","date_gmt":"2024-09-01T13:05:01","guid":{"rendered":"https:\/\/www.pcnen.com\/portal\/?p=411157"},"modified":"2024-09-01T15:09:18","modified_gmt":"2024-09-01T13:09:18","slug":"prvi-dan-nelegalnog-mandata-borisa-raonica","status":"publish","type":"post","link":"https:\/\/www.pcnen.com\/portal\/2024\/09\/01\/prvi-dan-nelegalnog-mandata-borisa-raonica\/","title":{"rendered":"Prvi dan nelegalnog mandata Borisa Raoni\u0107a"},"content":{"rendered":"<p>Ju\u010dera\u0161nji\u00a0 izbor Borisa Raoni\u0107a za generalnog direktora RTCG samo je potvrda da je on bio ve\u0107 ranije projektovani direktor zbog kojeg se nedavno mijenjao Zakon i umanjivali kriterijumi kako bi uop\u0161te mogao aplicirati na konkurs. Podsjetimo da se u prethodnom trogodi\u0161njem periodu, zbog njegove podobnosti odredjenim strukturama, nijesu sprovodile sudske odluke, i to dvije . Tu\u017eila\u0161tvo nije nalazilo vremena da razmatra krivi\u010dne prijave, ali je zato Savjet RTCG imao i \u201cznanja i sposobnosti\u201d da ga bira i bira i bira\u0107e ga, kako je krenulo, sve dok Raoni\u0107 bude htio.<\/p>\n<p>Za\u0161to? Zato \u0161to je ovo dogovoreni ,namje\u0161teni i nezakoniti konkurs na kojem je izabran kandidat koji ne ispunjava uslove. Da pojasnimo. Postoji samo jedna dilema. Ili je Raoni\u0107 tri puta imenovan na ovu funkciju \u0161to Zakon o Javnom servisu RTCG ne dozvoljava ili nema ni tih pet godina tra\u017eenog iskustva.<\/p>\n<p>Ako je dr\u017eavi Crnoj Gori na njenom evropskom putu potreban ovakav izbor u Javnom servisu i ako su malverzacije i politi\u010dka trgovina preporu\u010deni model pona\u0161anja onda iskrene \u010destitke na izboru. O kakvom je Savjetu Javnog servisa rije\u010d najbolje ilustruje primjer da su ju\u010de tokom \u017eivog prenosa sjednice obmanjivali javnost da su svi prijavljeni kandidati izuzev Raoni\u0107a odustali od intervjua, bez rije\u010di obja\u0161njenja da se osam kandidata obratilo i njima i javnosti sa zahtjevom da se odgode dok se ne provjeri da li svi kandidati ispunjavaju konkursom tra\u017eene uslove.<\/p>\n<p>Mi naravno ne\u0107emo prihvatiti ovaj izbor kao transparentan i praveden, ve\u0107 \u0107emo iskoristiti sve pravne mehanizme da dokazemo na\u0161e tvrdnje.<\/p>\n<p>O svemu \u0161to se dogadja u RTCG I ju\u010dera\u0161njoj farsi, u narednim danima \u0107emo informisati, doma\u0107e zvani\u010dnike te predstavnike ambasada i medjunarodnih organizacija.<\/p>\n<p>I na kraju. RTCG ne mo\u017ee ostvariti svoje ciljeve kao medijski javni servis ukoliko se na ovaj na\u010din vr\u0161i izbor prvog \u010dovjeka na\u0161e ku\u0107e.\u00a0 Upravo suprotno, RTCG, ovakvim zloupotrebama, nema kredibilitet da kritikuje rad drugih javnih institucija te podsti\u010de I tra\u017ei odgovornost javnih funkcionera, ve\u0107 postaje pokrovitelj negativnih pojava protiv kojih treba da se bori.<\/p>\n<p>Kandidati za generalnog direktora RTCG<\/p>\n<p>Andrijana Kadija,<\/p>\n<p>Sne\u017eana Burzan Vuksanovi\u0107,<\/p>\n<p>Slaven Knezovi\u0107,<\/p>\n<p>Sabrija Vuli\u0107,<\/p>\n<p>Vladimir Mara\u0161,<\/p>\n<p>\u017darko Bo\u017eovi\u0107,<\/p>\n<p>\u010caslav Vujoti\u0107,<\/p>\n<p>Srdjan \u010covi\u0107<\/p>\n<blockquote class=\"wp-embedded-content\" data-secret=\"9WdKYx6zpQ\"><p><a href=\"https:\/\/www.pcnen.com\/portal\/2024\/08\/31\/raonic-ponovo-izabran-za-generalnog-direktora-rtcg\/\">Raoni\u0107 ponovo izabran za generalnog direktora RTCG<\/a><\/p><\/blockquote>\n<p><iframe loading=\"lazy\" class=\"wp-embedded-content\" sandbox=\"allow-scripts\" security=\"restricted\" style=\"position: absolute; visibility: hidden;\" title=\"&#8220;Raoni\u0107 ponovo izabran za generalnog direktora RTCG&#8221; &#8212; PCNEN\" src=\"https:\/\/www.pcnen.com\/portal\/2024\/08\/31\/raonic-ponovo-izabran-za-generalnog-direktora-rtcg\/embed\/#?secret=CNexSuO1OQ#?secret=9WdKYx6zpQ\" data-secret=\"9WdKYx6zpQ\" width=\"600\" height=\"338\" frameborder=\"0\" marginwidth=\"0\" marginheight=\"0\" scrolling=\"no\"><\/iframe><\/p>\n","protected":false},"excerpt":{"rendered":"<p>Ju\u010dera\u0161nji\u00a0 izbor Borisa Raoni\u0107a za generalnog direktora RTCG samo je potvrda da je on bio ve\u0107 ranije projektovani direktor zbog kojeg se nedavno mijenjao Zakon i umanjivali kriterijumi kako bi uop\u0161te mogao aplicirati na konkurs. Podsjetimo da se u prethodnom trogodi\u0161njem periodu, zbog njegove podobnosti odredjenim strukturama, nijesu sprovodile sudske odluke, i to dvije . [&hellip;]<\/p>\n","protected":false},"author":1,"featured_media":411086,"comment_status":"open","ping_status":"closed","sticky":false,"template":"","format":"standard","meta":{"_seopress_robots_primary_cat":"none","_seopress_titles_title":"","_seopress_titles_desc":"","_seopress_robots_index":"","_et_pb_use_builder":"","_et_pb_old_content":"","_et_gb_content_width":"","inline_featured_image":false,"footnotes":""},"categories":[14],"tags":[],"class_list":["post-411157","post","type-post","status-publish","format-standard","has-post-thumbnail","hentry","category-vijesti"],"_links":{"self":[{"href":"https:\/\/www.pcnen.com\/portal\/wp-json\/wp\/v2\/posts\/411157","targetHints":{"allow":["GET"]}}],"collection":[{"href":"https:\/\/www.pcnen.com\/portal\/wp-json\/wp\/v2\/posts"}],"about":[{"href":"https:\/\/www.pcnen.com\/portal\/wp-json\/wp\/v2\/types\/post"}],"author":[{"embeddable":true,"href":"https:\/\/www.pcnen.com\/portal\/wp-json\/wp\/v2\/users\/1"}],"replies":[{"embeddable":true,"href":"https:\/\/www.pcnen.com\/portal\/wp-json\/wp\/v2\/comments?post=411157"}],"version-history":[{"count":5,"href":"https:\/\/www.pcnen.com\/portal\/wp-json\/wp\/v2\/posts\/411157\/revisions"}],"predecessor-version":[{"id":411164,"href":"https:\/\/www.pcnen.com\/portal\/wp-json\/wp\/v2\/posts\/411157\/revisions\/411164"}],"wp:featuredmedia":[{"embeddable":true,"href":"https:\/\/www.pcnen.com\/portal\/wp-json\/wp\/v2\/media\/411086"}],"wp:attachment":[{"href":"https:\/\/www.pcnen.com\/portal\/wp-json\/wp\/v2\/media?parent=411157"}],"wp:term":[{"taxonomy":"category","embeddable":true,"href":"https:\/\/www.pcnen.com\/portal\/wp-json\/wp\/v2\/categories?post=411157"},{"taxonomy":"post_tag","embeddable":true,"href":"https:\/\/www.pcnen.com\/portal\/wp-json\/wp\/v2\/tags?post=411157"}],"curies":[{"name":"wp","href":"https:\/\/api.w.org\/{rel}","templated":true}]}}