{"id":411139,"date":"2024-09-01T10:51:54","date_gmt":"2024-09-01T08:51:54","guid":{"rendered":"https:\/\/www.pcnen.com\/portal\/?p=411139"},"modified":"2024-09-01T10:51:54","modified_gmt":"2024-09-01T08:51:54","slug":"vucic-negirao-bliske-veze-s-putinom","status":"publish","type":"post","link":"https:\/\/www.pcnen.com\/portal\/2024\/09\/01\/vucic-negirao-bliske-veze-s-putinom\/","title":{"rendered":"Vu\u010di\u0107 negirao bliske veze s Putinom"},"content":{"rendered":"<p>Predsjednik Srbije Aleksandar Vu\u010di\u0107 je negirao bliske veze s ruskim predsjednikom Vladimirom Putinom i ponovo odbacio navode da je njegova zemlja &#8220;trojanski konj&#8221; za Moskvu uprkos tome \u0161to je Beograd odbio da se pridru\u017ei evropskim sankcijama nakon ruske invazije na Ukrajinu.<\/p>\n<p>Vu\u010di\u0107 je na konferenciji Globsec Foruma u Pragu 31. avgusta rekao da se nije susreo niti razgovarao s Putinom najmanje 2,5 godine otkako su ruske trupe pre\u0161le ukrajinsku granicu u februaru 2022., <a href=\"https:\/\/www.slobodnaevropa.org\/a\/vucic-prag-forum-rusija-kosovo-eu\/33100885.html\">prenosi RSE.<\/a><\/p>\n<p>Ne postoje &#8216;dvije strane&#8217; &#8220;, rekao je Vu\u010di\u0107. &#8220;Mi imamo tradicionalno vrlo dobre veze s Rusijom i to ne krijem i toga se ne stidim. To je uvijek bio slu\u010daj izme\u0111u Srba i Rusa.&#8221;<\/p>\n<p>Istakao je da se, iako je nedavno razgovarao s predsjednicom Evropske komisije Ursulom von der Leyen, koja je tako\u0111e u Pragu, &#8220;niko u Evropi ne sla\u017ee sa mom po pitanju ne uvo\u0111enja sankcija Rusiji, ali da razumiju moj stav&#8221;.<\/p>\n","protected":false},"excerpt":{"rendered":"<p>Predsjednik Srbije Aleksandar Vu\u010di\u0107 je negirao bliske veze s ruskim predsjednikom Vladimirom Putinom i ponovo odbacio navode da je njegova zemlja &#8220;trojanski konj&#8221; za Moskvu uprkos tome \u0161to je Beograd odbio da se pridru\u017ei evropskim sankcijama nakon ruske invazije na Ukrajinu.<\/p>\n","protected":false},"author":1,"featured_media":340578,"comment_status":"open","ping_status":"closed","sticky":false,"template":"","format":"standard","meta":{"_seopress_robots_primary_cat":"none","_seopress_titles_title":"","_seopress_titles_desc":"","_seopress_robots_index":"","_et_pb_use_builder":"","_et_pb_old_content":"","_et_gb_content_width":"","inline_featured_image":false,"footnotes":""},"categories":[14],"tags":[],"class_list":["post-411139","post","type-post","status-publish","format-standard","has-post-thumbnail","hentry","category-vijesti"],"_links":{"self":[{"href":"https:\/\/www.pcnen.com\/portal\/wp-json\/wp\/v2\/posts\/411139","targetHints":{"allow":["GET"]}}],"collection":[{"href":"https:\/\/www.pcnen.com\/portal\/wp-json\/wp\/v2\/posts"}],"about":[{"href":"https:\/\/www.pcnen.com\/portal\/wp-json\/wp\/v2\/types\/post"}],"author":[{"embeddable":true,"href":"https:\/\/www.pcnen.com\/portal\/wp-json\/wp\/v2\/users\/1"}],"replies":[{"embeddable":true,"href":"https:\/\/www.pcnen.com\/portal\/wp-json\/wp\/v2\/comments?post=411139"}],"version-history":[{"count":1,"href":"https:\/\/www.pcnen.com\/portal\/wp-json\/wp\/v2\/posts\/411139\/revisions"}],"predecessor-version":[{"id":411142,"href":"https:\/\/www.pcnen.com\/portal\/wp-json\/wp\/v2\/posts\/411139\/revisions\/411142"}],"wp:featuredmedia":[{"embeddable":true,"href":"https:\/\/www.pcnen.com\/portal\/wp-json\/wp\/v2\/media\/340578"}],"wp:attachment":[{"href":"https:\/\/www.pcnen.com\/portal\/wp-json\/wp\/v2\/media?parent=411139"}],"wp:term":[{"taxonomy":"category","embeddable":true,"href":"https:\/\/www.pcnen.com\/portal\/wp-json\/wp\/v2\/categories?post=411139"},{"taxonomy":"post_tag","embeddable":true,"href":"https:\/\/www.pcnen.com\/portal\/wp-json\/wp\/v2\/tags?post=411139"}],"curies":[{"name":"wp","href":"https:\/\/api.w.org\/{rel}","templated":true}]}}