{"id":411110,"date":"2024-08-31T18:22:28","date_gmt":"2024-08-31T16:22:28","guid":{"rendered":"https:\/\/www.pcnen.com\/portal\/?p=411110"},"modified":"2024-08-31T18:22:28","modified_gmt":"2024-08-31T16:22:28","slug":"lajcak-cg-moze-da-udje-u-eu-2028-za-srbiju-to-nije-nemoguce","status":"publish","type":"post","link":"https:\/\/www.pcnen.com\/portal\/2024\/08\/31\/lajcak-cg-moze-da-udje-u-eu-2028-za-srbiju-to-nije-nemoguce\/","title":{"rendered":"Laj\u010dak: CG mo\u017ee da u\u0111e u EU 2028, za Srbiju to nije nemogu\u0107e"},"content":{"rendered":"<p>Specijalni predstavnik Evropske unije za Zapadni Balkan Miroslav Laj\u010dak demantovao je danas procjenu predsjednika Aleksandra Vu\u010di\u0107a da Srbija i Crna Gora ne mogu da postanu \u010dlanice EU do 2028. godine<\/p>\n<p>&#8220;Letonija, Litvanija i Slova\u010dka su zavr\u0161ile pristupne pregovore za manje od tri godine. Crna Gora i Srbija pregovaraju godinama, a i dalje su daleko od sredine procesa. Ali ako ste ozbiljni, ako po\u010dnete da zatvarate poglavlja, mo\u017eete to da uradite za dvije i po godine i jo\u0161 dvije godine za ratifikaciju. Nije nerealno, ali to je idealni scenario&#8221;, kazao je Laj\u010dak na regionalnoj konferenciji o bezbjednosti GLOBSEC u Pragu.<\/p>\n<p>Miroslav Laj\u010dak je dodao da Crna Gora mo\u017ee da u\u0111e u EU 2028. jer je sve u njenim rukama, dok Srbija ima problem Kosova, prenosi Beta.<\/p>\n<p>&#8220;Ako ne rije\u0161imo pitanje dijaloga Beograda i Pri\u0161tine mo\u017eemo da zaboravimo na integraciju Zapadnog Balkana, ne samo Srbije i Kosova. Mislim da smo uspjeli da uradimo najbolju mogu\u0107u stvar sa sporazumom o normalizaciji koji je usvojen pro\u0161le godine u Ohridu, ali on nikada nije bio primjenjen&#8221;, kazao je Laj\u010dak.<\/p>\n","protected":false},"excerpt":{"rendered":"<p>Specijalni predstavnik Evropske unije za Zapadni Balkan Miroslav Laj\u010dak demantovao je danas procjenu predsjednika Aleksandra Vu\u010di\u0107a da Srbija i Crna Gora ne mogu da postanu \u010dlanice EU do 2028. godine<\/p>\n","protected":false},"author":1,"featured_media":287964,"comment_status":"open","ping_status":"closed","sticky":false,"template":"","format":"standard","meta":{"_seopress_robots_primary_cat":"none","_seopress_titles_title":"","_seopress_titles_desc":"","_seopress_robots_index":"","_et_pb_use_builder":"","_et_pb_old_content":"","_et_gb_content_width":"","inline_featured_image":false,"footnotes":""},"categories":[14],"tags":[],"class_list":["post-411110","post","type-post","status-publish","format-standard","has-post-thumbnail","hentry","category-vijesti"],"_links":{"self":[{"href":"https:\/\/www.pcnen.com\/portal\/wp-json\/wp\/v2\/posts\/411110","targetHints":{"allow":["GET"]}}],"collection":[{"href":"https:\/\/www.pcnen.com\/portal\/wp-json\/wp\/v2\/posts"}],"about":[{"href":"https:\/\/www.pcnen.com\/portal\/wp-json\/wp\/v2\/types\/post"}],"author":[{"embeddable":true,"href":"https:\/\/www.pcnen.com\/portal\/wp-json\/wp\/v2\/users\/1"}],"replies":[{"embeddable":true,"href":"https:\/\/www.pcnen.com\/portal\/wp-json\/wp\/v2\/comments?post=411110"}],"version-history":[{"count":1,"href":"https:\/\/www.pcnen.com\/portal\/wp-json\/wp\/v2\/posts\/411110\/revisions"}],"predecessor-version":[{"id":411113,"href":"https:\/\/www.pcnen.com\/portal\/wp-json\/wp\/v2\/posts\/411110\/revisions\/411113"}],"wp:featuredmedia":[{"embeddable":true,"href":"https:\/\/www.pcnen.com\/portal\/wp-json\/wp\/v2\/media\/287964"}],"wp:attachment":[{"href":"https:\/\/www.pcnen.com\/portal\/wp-json\/wp\/v2\/media?parent=411110"}],"wp:term":[{"taxonomy":"category","embeddable":true,"href":"https:\/\/www.pcnen.com\/portal\/wp-json\/wp\/v2\/categories?post=411110"},{"taxonomy":"post_tag","embeddable":true,"href":"https:\/\/www.pcnen.com\/portal\/wp-json\/wp\/v2\/tags?post=411110"}],"curies":[{"name":"wp","href":"https:\/\/api.w.org\/{rel}","templated":true}]}}