{"id":411097,"date":"2024-09-01T09:38:53","date_gmt":"2024-09-01T07:38:53","guid":{"rendered":"https:\/\/www.pcnen.com\/portal\/?p=411097"},"modified":"2024-09-01T09:46:34","modified_gmt":"2024-09-01T07:46:34","slug":"crmnicari-i-sjutra-blokiraju-sozin-od-10-do-12-casova","status":"publish","type":"post","link":"https:\/\/www.pcnen.com\/portal\/2024\/09\/01\/crmnicari-i-sjutra-blokiraju-sozin-od-10-do-12-casova\/","title":{"rendered":"Crmni\u010dari  blokiraju Sozin od 10 do 12 \u010dasova"},"content":{"rendered":"<p>Predstavnici Crmni\u010dana najavili su novi protest i blokadu tunela Sozina\u00a0 od 10 do 12 \u010dasova kod Kalamper pumpe u Virpazaru.<\/p>\n<p>Saop\u0161tenjem za javnost se oglasio Aleksandar Plamenac, jedan od organizatora protesta Crmni\u010dana u vezi sa naplatom putarine za prolazak kroz tunel Sozina.<\/p>\n<p>\u201cMoramo podsjetiti na na\u0161u izjavu od ranije, a to je da \u2018znamo da rije\u010di mnogih politi\u010dara (\u010dast izuzecima) nemaju neku te\u017einu\u2019, pa tako posmatramo bilo \u010dija obe\u0107anja, ali naravno dajemo \u0161ansu svima da ne\u0161to \u0161to su i sami javno priznali kao propust, isprave, i kona\u010dno urade pravu stvar, za dobrobit svih.<\/p>\n<p>Ne \u017eelimo da koristimo priliku za demant nekih neta\u010dno navedenih izjava u medijima. \u017delimo da idemo naprijed, dalje, da nastavimo borbu za ne\u0161to \u0161to smatramo da je ispravno, pravno i pravedno, ljudski, da rje\u0161avamo probleme, jer na prvom mjestu su nam djela a ne rije\u010di, iako znamo da se do djela dolazi i rije\u010dima, zbog \u010dega smo i pristali na sastanak sa predsjednikom Op\u0161tine Bar, prilikom na\u0161eg protesta ispred zgrade Op\u0161tine. Ne zbog toga \u0161to smo \u017eeljeli ba\u0161 sa njim da pri\u010damo, ve\u0107 zbog toga \u0161to smo smatrali da je to neophodno jer je isti na \u010delu institucije koja je i na\u0161a, jer mi smo i dalje dio Op\u0161tine Bar, te ga smatrali, a i dalje smatramo odgovornim, za mnoge nagomilane probleme na podru\u010dju Crmnice pa i samog grada Bara (oteti resursi u Crmnici, iseljavanje, nedostatak osnovnih \u017eivotnih sadr\u017eaja, godinama zatvorene apoteke, a u Baru, neizgradnje par pasarela i podvo\u017enjaka, kojima bi se rije\u0161ili saobra\u0107ajni kolapsi u \u0160u\u0161anju i Sutomoru, kao i mnogi drugi novi i naslije\u0111eni problemi i paradoksi),<a href=\"http:\/\/barinfo.me\/crmnicani-zakazali-novi-protest-uz-poruku-dosta-je-bilo\/\"> prenosi barinfo.me.<\/a><\/p>\n<p>Ponavljamo, ne li\u010dno, ve\u0107 kao nekog ko je prvi predstavnik te institucije, za koju smo vi\u0161e puta rekli (iako se u medijima nekako presko\u010de te na\u0161e pozitivne rije\u010di, a isti\u010de \u010desto i izvla\u010di iz konteksta pone\u0161to \u0161to kao takvo izvu\u010deno mo\u017ee biti negativno protuma\u010deno) da je jedna velika administracija, sa mnogo timova i sekretarijata, gdje sigurno, kao \u0161to je to slu\u010daj u cijeloj na\u0161oj Crnoj Gori, rade, pored onih koji su neopravdano istaknuti, a daleko od toga da su najbolji, i daleko od toga da bi bili junaci u bilo kojoj pri\u010di, bajci ili da ne ka\u017eemo basni, i svi oni divni ljudi koji ne dolaze do izra\u017eaja, a zaslu\u017euju.<\/p>\n<p>I pored brojnih poku\u0161aja da se sve svede na li\u010dni nivo, i pri\u010de koja ukazuje da su boljke starih sistema, a na\u017ealost i novih, gdje se na konstruktivnu kritiku reaguje \u2019\u0161to ti ima\u0161 protiv mene\u2019 stavom, mi nastavljamo slo\u017eno, ne obaziremo se na sve ono nazadno \u0161to poku\u0161ava da nas sputa od prvoga dana, sa svih strana. Dosta smo trpjeli posljedice lo\u0161ih odluka raznih aktera politi\u010dke scene, dosta smo bili taoci tih kreatora, odnosno konstruktora vremeplova, vra\u0107anja 100 godina unazad, dosta smo dozvolili otete resurse, status gra\u0111ana drugog reda, kojih se sjete samo pred izbore. E pa, dosta je bilo.<\/p>\n<p>Jo\u0161 jednom pozivamo Vladu Crne Gore (od koje ni nakon vi\u0161e mjeseci po dostavljanju inicijative sa preko 500 potpisa nismo dobili odgovor) da se hitno uklju\u010di u rje\u0161avanje ovog problema, jer mo\u017eemo pomisliti, a to mislimo kada su u pitanju sve odgovorne strane, da se nekome ne \u017euri, te za navodne \u2018negativne efekte\u2019 na\u0161ih protesta oni, zajedno sa ostalim nea\u017eurnim stranama, snose krivicu. Me\u0111u onima koji snose krivicu je i Op\u0161tina Bar, naravno, \u010dak na prvom mjestu, zbog \u010dega smo i odr\u017eali protest ispred zgrade Op\u0161tine, gdje iako su mediji prenijeli na takav na\u010din, nije postignut nikakav dogovor, osim dogovora da se hitno uputi dopis nadle\u017enim institucijama na dr\u017eavnom nivou, i nastave aktivnosti radne grupe.<\/p>\n<p>Me\u0111utim, iako smo o\u010dekivali da \u0107e nas neko ve\u0107 narednog dana pozvati, to se nije desilo pa pozivamo cjelokupnu crnogorsku javnost da se obrate odgovornim stranama i pitaju ih za\u0161to protesti Crmni\u010dana i dalje traju, \u0161to su uradili da do toga ne do\u0111e, a kad je ve\u0107 do\u0161lo, \u0161to su uradili da se pitanje hitno rije\u0161i.<\/p>\n<p>Podsje\u0107amo, radna grupa ve\u0107 postoji, i prije mjesec dana je napravljen nacrt Ugovora, koji je od strane Op\u0161tine Bar i Monteputa, na neki na\u010din stavljen pod tepih i nije vi\u0161e pominjan. Mi mo\u017eemo imati i 20 radnih grupa, ali ako ne postoji iskrena namjera donosioca odluka da se ovo pitanje hitno rije\u0161i, onda su te radne grupe samo karnevalska maska, ili bolje re\u010deno \u2018fantomska\u2019 maska, a Crmni\u010dani maske ne vole, koriste ih samo ponekad, kad prskaju loze, a duva \u2018ne\u010desovi \u0111ao\u2019 odnosno vjetar.<\/p>\n<p>Zato pozivamo sve na na\u0161 novi protest, u nedjelju, 1. septembra 2024. godine, od 10 do 12 \u010dasova, na istom mjestu kod benzinske pumpe \u2018Kalamper\u2019 u blizini Virpazara, da zajedno kao \u0111aci nau\u010dimo ne\u0161to novo, ili utvrdimo gradivo, pa poka\u017eemo svima \u0161to smo nau\u010dili i \u0161to znamo. Svima koji \u0107e do\u0107i prvi put \u2018vi\u010demo glasom jasnim, prvi dan na protest da ti ne zakasnim\u2019, a koji su tu \u2018vazda\u2019, pa i zajedno sa novima, mladosti se nanosili i sre\u0107a vam \u017eivjela!\u201d<\/p>\n","protected":false},"excerpt":{"rendered":"<p>Predstavnici Crmni\u010dana najavili su novi protest i blokadu tunela Sozina\u00a0 od 10 do 12 \u010dasova kod Kalamper pumpe u Virpazaru.<\/p>\n","protected":false},"author":1,"featured_media":411100,"comment_status":"open","ping_status":"closed","sticky":false,"template":"","format":"standard","meta":{"_seopress_robots_primary_cat":"none","_seopress_titles_title":"","_seopress_titles_desc":"","_seopress_robots_index":"","_et_pb_use_builder":"","_et_pb_old_content":"","_et_gb_content_width":"","inline_featured_image":false,"footnotes":""},"categories":[14],"tags":[],"class_list":["post-411097","post","type-post","status-publish","format-standard","has-post-thumbnail","hentry","category-vijesti"],"_links":{"self":[{"href":"https:\/\/www.pcnen.com\/portal\/wp-json\/wp\/v2\/posts\/411097","targetHints":{"allow":["GET"]}}],"collection":[{"href":"https:\/\/www.pcnen.com\/portal\/wp-json\/wp\/v2\/posts"}],"about":[{"href":"https:\/\/www.pcnen.com\/portal\/wp-json\/wp\/v2\/types\/post"}],"author":[{"embeddable":true,"href":"https:\/\/www.pcnen.com\/portal\/wp-json\/wp\/v2\/users\/1"}],"replies":[{"embeddable":true,"href":"https:\/\/www.pcnen.com\/portal\/wp-json\/wp\/v2\/comments?post=411097"}],"version-history":[{"count":3,"href":"https:\/\/www.pcnen.com\/portal\/wp-json\/wp\/v2\/posts\/411097\/revisions"}],"predecessor-version":[{"id":411134,"href":"https:\/\/www.pcnen.com\/portal\/wp-json\/wp\/v2\/posts\/411097\/revisions\/411134"}],"wp:featuredmedia":[{"embeddable":true,"href":"https:\/\/www.pcnen.com\/portal\/wp-json\/wp\/v2\/media\/411100"}],"wp:attachment":[{"href":"https:\/\/www.pcnen.com\/portal\/wp-json\/wp\/v2\/media?parent=411097"}],"wp:term":[{"taxonomy":"category","embeddable":true,"href":"https:\/\/www.pcnen.com\/portal\/wp-json\/wp\/v2\/categories?post=411097"},{"taxonomy":"post_tag","embeddable":true,"href":"https:\/\/www.pcnen.com\/portal\/wp-json\/wp\/v2\/tags?post=411097"}],"curies":[{"name":"wp","href":"https:\/\/api.w.org\/{rel}","templated":true}]}}