{"id":411078,"date":"2024-08-31T14:33:36","date_gmt":"2024-08-31T12:33:36","guid":{"rendered":"https:\/\/www.pcnen.com\/portal\/?p=411078"},"modified":"2024-08-31T14:33:36","modified_gmt":"2024-08-31T12:33:36","slug":"pavicevic-za-borbu-sa-klimatskim-promjenama-potrebno-je-promijeniti-djelovanje-cijelog-drustva","status":"publish","type":"post","link":"https:\/\/www.pcnen.com\/portal\/2024\/08\/31\/pavicevic-za-borbu-sa-klimatskim-promjenama-potrebno-je-promijeniti-djelovanje-cijelog-drustva\/","title":{"rendered":"Pavi\u0107evi\u0107: Za borbu sa klimatskim promjenama potrebno je promijeniti djelovanje cijelog dru\u0161tva"},"content":{"rendered":"<p>Klimatske promjene uti\u010du na mnoge segmente \u017eivota \u2013 zdravlje, poljoprivredu, transport i migracije, a to zahtijeva promjene u djelovanju vlada, velikih kompanija i gra\u0111ana, ocijenio je meteorolog Du\u0161an Pavi\u0107evi\u0107, navode\u0107i da se te promjene prije svega manifestuju kroz promjenu temperature, \u0161to je vidljivo i u Podgorici.<\/p>\n<p>Pavi\u0107evi\u0107 je istakao da su klimatske promjene, najjednostavnije re\u010deno, dugoro\u010dne promjene prosje\u010dnih temperaturnih, pa i vremenskih uslova na zemlji.<\/p>\n<p>\u201cDakle, pogre\u0161no bi bilo posmatrati parametre jednu, dvije ili pet godina i na osnovu toga izvoditi zaklju\u010dke. No, ukoliko imamo trend koji traje dekadu, dvije ili vi\u0161e i ne samo u jednoj ta\u010dki nego u \u0161irem regionu ili na globalu, onda se s pravom mo\u017ee diskutovati o klimatskim odstupanjima ili \u010dak i promjenama\u201d, rekao je Pavi\u0107evi\u0107 agenciji MINA.<\/p>\n<p>Kako isti\u010de, \u010dinjenica je da se posljednjih godina sve vi\u0161e posve\u0107uje pa\u017enja ve\u0107 vidljivim promjenama i posljedicama, ali i onima koje bi mogle slijediti.<\/p>\n<p>\u201cMnogo je segmenata na koje te promjene uti\u010du i dalje \u0107e uticati (zdravlje, poljoprivreda, transport, migracije&#8230;). Sve to tra\u017ei promjene u djelovanju vlada i velikih kompanija, ali i svih nas\u201d, naglasio je Pavi\u0107evi\u0107.<\/p>\n<p>On je dodao da se promjene prije svega manifestuju kroz promjenu temperature, \u0161to se de\u0161ava i u Podgorici.<\/p>\n<p>Upitan na koji na\u010din se klima mijenja u Podgorici u posljednjih 30 godina, Pavi\u0107evi\u0107 je kazao da je mnogo podataka koji idu u prilog tvrdnji da se period od 1991. do 2020. umnogome razlikuje od perioda od 1961. do 1990. godine.<\/p>\n<p>On je naveo primjer prosje\u010dnog godi\u0161njeg broja tropskih dana u Podgorici (dana sa maksimalnom dnevnom temperaturom preko 30 stepeni) po dekadama.<\/p>\n<p>Od 1961. do 1970. godi\u0161nje je prosje\u010dno bilo 67 tropskih dana, u narednoj dekadi ih je bilo 60, a od 1981-1990. prosje\u010dno je zabilje\u017een 71 tropski dan godi\u0161nje.<\/p>\n<p>U posljednje tri dekade, kako je rekao Pavi\u0107evi\u0107, bilje\u017ei se pove\u0107anje prosje\u010dnog broja tropskih dana.<\/p>\n<p>On je istakao da su u dekadi 1991-2000 prosje\u010dno zabilje\u017eena 83 tropska dana godi\u0161nje, od 2001. do 2010. 89, a u prethodnoj dekadi \u010dak 96.<\/p>\n<p>\u201cPosmatraju\u0107i prosje\u010dnu godi\u0161nju minimalnu temperaturu, svih deset najtoplijih godina imamo od 2011. godine naovamo\u201d, naglasio je Pavi\u0107evi\u0107.<\/p>\n<p>Pavi\u0107evi\u0107 je kazao da je, upore\u0111uju\u0107i po mjesecima, prosje\u010dna maksimalna temperatura od 1991. do 2020. godine najvi\u0161e porasla u ljetnjim mjesecima (jun, jul i avgust), za vi\u0161e od dva stepena, od \u010dega avgustovska \u010dak za vi\u0161e od 2,5 stepeni, a najmanje novembarska \u2013 manje od jedan stepen.<\/p>\n<p>Upitan \u0161ta su razlozi za promjenu klime u Podgorici, Pavi\u0107evi\u0107 odgovara da je generalni stav da su klimatske promjene na globalnom nivou posljedica ljudske aktivnosti, pa se to, naravno, odnosi i na Podgoricu.<\/p>\n<p>On je naglasio da je ta\u010dno da se klima i ranije mijenjala ali, kako je istakao, znatno sporije.<\/p>\n<p>Pavi\u0107evi\u0107 isti\u010de da prirodni uzorci ne mogu objasniti za\u0161to je do\u0161lo do tako brzog zagrijevanja krajem pro\u0161log i po\u010detkom ovog vijeka.<\/p>\n<p>\u201cKao logi\u010dan zaklju\u010dak se name\u0107e stav da ove klimatske promjene izazivaju ljudi, prvenstveno zbog velike upotrebe fosilnih goriva &#8211; uglja, nafte i gasa &#8211; u domovima, fabrikama, transportu\u2026 i pove\u0107anoj produkciji gasova staklene ba\u0161te\u201d, naveo je Pavi\u0107evi\u0107.<\/p>\n<p>Kako je rekao, ima i skepti\u010dnih vezano za taj stav, ali za sada ne nude prihvatljivije obja\u0161njenje.<\/p>\n<p>Govore\u0107i o tome kakve promjene u klimi se mogu o\u010dekivati u Podgorici u narednom periodu, Pavi\u0107evi\u0107 ka\u017ee da je, bez ozbiljnijeg i sveobuvatnijeg pristupa u smanjenju emisija staklene ba\u0161te, uz pretpostavku da je to glavni razlog klimatskih promjena, za o\u010dekivati dalji porast temperatura.<\/p>\n<p>\u201cPosljedice \u0107e biti te\u0161ke, mo\u017eda i katostrofalne, za cijelu planetu\u201d, dodao je Pavi\u0107evi\u0107.<\/p>\n","protected":false},"excerpt":{"rendered":"<p>Klimatske promjene uti\u010du na mnoge segmente \u017eivota \u2013 zdravlje, poljoprivredu, transport i migracije, a to zahtijeva promjene u djelovanju vlada, velikih kompanija i gra\u0111ana, ocijenio je meteorolog Du\u0161an Pavi\u0107evi\u0107, navode\u0107i da se te promjene prije svega manifestuju kroz promjenu temperature, \u0161to je vidljivo i u Podgorici.<\/p>\n","protected":false},"author":1,"featured_media":395395,"comment_status":"open","ping_status":"closed","sticky":false,"template":"","format":"standard","meta":{"_seopress_robots_primary_cat":"none","_seopress_titles_title":"","_seopress_titles_desc":"","_seopress_robots_index":"","_et_pb_use_builder":"","_et_pb_old_content":"","_et_gb_content_width":"","inline_featured_image":false,"footnotes":""},"categories":[14],"tags":[],"class_list":["post-411078","post","type-post","status-publish","format-standard","has-post-thumbnail","hentry","category-vijesti"],"_links":{"self":[{"href":"https:\/\/www.pcnen.com\/portal\/wp-json\/wp\/v2\/posts\/411078","targetHints":{"allow":["GET"]}}],"collection":[{"href":"https:\/\/www.pcnen.com\/portal\/wp-json\/wp\/v2\/posts"}],"about":[{"href":"https:\/\/www.pcnen.com\/portal\/wp-json\/wp\/v2\/types\/post"}],"author":[{"embeddable":true,"href":"https:\/\/www.pcnen.com\/portal\/wp-json\/wp\/v2\/users\/1"}],"replies":[{"embeddable":true,"href":"https:\/\/www.pcnen.com\/portal\/wp-json\/wp\/v2\/comments?post=411078"}],"version-history":[{"count":1,"href":"https:\/\/www.pcnen.com\/portal\/wp-json\/wp\/v2\/posts\/411078\/revisions"}],"predecessor-version":[{"id":411081,"href":"https:\/\/www.pcnen.com\/portal\/wp-json\/wp\/v2\/posts\/411078\/revisions\/411081"}],"wp:featuredmedia":[{"embeddable":true,"href":"https:\/\/www.pcnen.com\/portal\/wp-json\/wp\/v2\/media\/395395"}],"wp:attachment":[{"href":"https:\/\/www.pcnen.com\/portal\/wp-json\/wp\/v2\/media?parent=411078"}],"wp:term":[{"taxonomy":"category","embeddable":true,"href":"https:\/\/www.pcnen.com\/portal\/wp-json\/wp\/v2\/categories?post=411078"},{"taxonomy":"post_tag","embeddable":true,"href":"https:\/\/www.pcnen.com\/portal\/wp-json\/wp\/v2\/tags?post=411078"}],"curies":[{"name":"wp","href":"https:\/\/api.w.org\/{rel}","templated":true}]}}