{"id":411070,"date":"2024-08-31T08:55:37","date_gmt":"2024-08-31T06:55:37","guid":{"rendered":"https:\/\/www.pcnen.com\/portal\/?p=411070"},"modified":"2024-08-31T08:55:37","modified_gmt":"2024-08-31T06:55:37","slug":"atlantski-okean-se-rekordnom-brzinom-ohladio-naucnici-zbunjeni","status":"publish","type":"post","link":"https:\/\/www.pcnen.com\/portal\/2024\/08\/31\/atlantski-okean-se-rekordnom-brzinom-ohladio-naucnici-zbunjeni\/","title":{"rendered":"Atlantski okean se rekordnom brzinom ohladio, nau\u010dnici zbunjeni"},"content":{"rendered":"<p>Brzina promjene temperature u vodama Atlantskog okeana u junu i julu bila je iznena\u0111uju\u0107a.<\/p>\n<p>Dio okeana oko Ekvatora ovog lieta se, tokom nekoliko mjeseci, hladio velikom brzinom. Sada se zagrijava i vra\u0107a uobi\u010dajenoj temperaturi, ali su nau\u010dnici i dalje zbunjeni dramati\u010dnim hla\u0111enjem, prenosi RTS.<\/p>\n<p>Neobi\u010dno hla\u0111enje du\u017e Ekvatora, nekoliko stepeni sjeverno i ju\u017eno, krenulo je po\u010detkom juna, posle najdu\u017eeg niza zagrijavanja okeana u poslednjih 40 godina.<\/p>\n<p>&#8220;Uprkos tome \u0161to temperature tog dijela okeana \u010desto variraju, od hladne do tople faze svakih nekoliko godina, brzina kojom se ovog puta temperatura spustila sa rekordno visoke do rekordno niske, zaista je bez presedana&#8221;, rekao je Franc Tuken sa Univerziteta Floride u Majamiju koji je pratio doga\u0111aj.<\/p>\n<p>Majkl Mekfejden, nau\u010dnik Nacionalne okeanske i atmosferske administracije u SAD, isti\u010de da su nau\u010dnici i dalje zbunjeni jer ne znaju \u0161ta se stvarno de\u0161ava.<\/p>\n<p>&#8220;Mo\u017eda je rije\u010d o osobini koja se razvila iz nekog procesa koji ne shvatamo, ne razumijemo&#8221;, ka\u017ee Mekfejden.<\/p>\n<p>U februaru i martu ove godine, temperatura vode bila je najvi\u0161a od 1982. godine i iznosila je 30 stepeni. Me\u0111utim, u junu je temperatura naglo po\u010dela da pada i do jula je pala na 25 stepeni.<\/p>\n<p>&#8220;Za sada, na\u0161a saznanja ne daju odgovore na pitanja o tome \u0161ta bi bio jasan pokreta\u010d ovog zahla\u0111enja&#8221;, ka\u017ee Tuken.<\/p>\n<p>Mekfejden je istakao da se taj dio sada zagreva.<\/p>\n<p>&#8220;Nije u pitanju atlantska La Ninju, kako i Tuken smatra, ne\u0161to drugo se tu de\u0161ava&#8221;, smatra on.<\/p>\n","protected":false},"excerpt":{"rendered":"<p>Brzina promjene temperature u vodama Atlantskog okeana u junu i julu bila je iznena\u0111uju\u0107a.<\/p>\n","protected":false},"author":1,"featured_media":390818,"comment_status":"open","ping_status":"closed","sticky":false,"template":"","format":"standard","meta":{"_seopress_robots_primary_cat":"none","_seopress_titles_title":"","_seopress_titles_desc":"","_seopress_robots_index":"","_et_pb_use_builder":"","_et_pb_old_content":"","_et_gb_content_width":"","inline_featured_image":false,"footnotes":""},"categories":[14],"tags":[],"class_list":["post-411070","post","type-post","status-publish","format-standard","has-post-thumbnail","hentry","category-vijesti"],"_links":{"self":[{"href":"https:\/\/www.pcnen.com\/portal\/wp-json\/wp\/v2\/posts\/411070","targetHints":{"allow":["GET"]}}],"collection":[{"href":"https:\/\/www.pcnen.com\/portal\/wp-json\/wp\/v2\/posts"}],"about":[{"href":"https:\/\/www.pcnen.com\/portal\/wp-json\/wp\/v2\/types\/post"}],"author":[{"embeddable":true,"href":"https:\/\/www.pcnen.com\/portal\/wp-json\/wp\/v2\/users\/1"}],"replies":[{"embeddable":true,"href":"https:\/\/www.pcnen.com\/portal\/wp-json\/wp\/v2\/comments?post=411070"}],"version-history":[{"count":1,"href":"https:\/\/www.pcnen.com\/portal\/wp-json\/wp\/v2\/posts\/411070\/revisions"}],"predecessor-version":[{"id":411073,"href":"https:\/\/www.pcnen.com\/portal\/wp-json\/wp\/v2\/posts\/411070\/revisions\/411073"}],"wp:featuredmedia":[{"embeddable":true,"href":"https:\/\/www.pcnen.com\/portal\/wp-json\/wp\/v2\/media\/390818"}],"wp:attachment":[{"href":"https:\/\/www.pcnen.com\/portal\/wp-json\/wp\/v2\/media?parent=411070"}],"wp:term":[{"taxonomy":"category","embeddable":true,"href":"https:\/\/www.pcnen.com\/portal\/wp-json\/wp\/v2\/categories?post=411070"},{"taxonomy":"post_tag","embeddable":true,"href":"https:\/\/www.pcnen.com\/portal\/wp-json\/wp\/v2\/tags?post=411070"}],"curies":[{"name":"wp","href":"https:\/\/api.w.org\/{rel}","templated":true}]}}