{"id":411065,"date":"2024-08-31T08:28:55","date_gmt":"2024-08-31T06:28:55","guid":{"rendered":"https:\/\/www.pcnen.com\/portal\/?p=411065"},"modified":"2024-08-31T08:31:41","modified_gmt":"2024-08-31T06:31:41","slug":"covic-ko-je-dao-potvrdu-raonicu-da-ima-pet-godina-iskustva","status":"publish","type":"post","link":"https:\/\/www.pcnen.com\/portal\/2024\/08\/31\/covic-ko-je-dao-potvrdu-raonicu-da-ima-pet-godina-iskustva\/","title":{"rendered":"\u010covi\u0107: Ko je dao potvrdu Raoni\u0107u da ima pet godina iskustva"},"content":{"rendered":"<p>Sr\u0111an \u010covi\u0107, jedan od kandidata za generalnog direktora Radio-televizije Crne Gore, oglasio se saop\u0161tenjem u susret dana\u0161njoj sjednici Savjeta RTCG-a, na kojoj bi trebalo da se obave intervjui sa kandidatima za tu funkciju.<\/p>\n<p><strong>Saop\u0161tenje<\/strong><\/p>\n<p>&#8220;Od kolega iz medijske zajednice smo dobili obavijest koju im je uputio doc.dr Veselin Drljevi\u0107, osoba koja obavlja poslove predsjednika Savjeta RTCG. Pregr\u0161t presko\u010denih slova u ta\u010dkama dnevnog reda ipak nas nijesu omeli da shvatimo da je doc. dr Drljevi\u0107 kao petu ta\u010dku dnevnog reda sjednice Savjeta RTCG odlu\u010dio da saslu\u0161a 9 kandidata za generalnog direktora. Pa\u017eljivo, a brzometno. Uz to \u0107e zbog na\u0161eg komoditeta kolege novinari dobiti adresu linka i slobodno vrijeme da nas prate, van galerije RTCG. A galerija prima mno\u0161tvo ljudi kad je to potrebno za Raoni\u0107evo bildovanje imid\u017ea na ad hok COK izlo\u017ebama. Ili prostora fali jer \u0107e neki kandidati da ulete sa kajakom na kojem su u posljednjih nedjelju dana sticali nedostaju\u0107ih 20 mjeseci akademskog radnog iskustva. Pa sad svi moramo da sa Drljevi\u0107evom ekipom \u017eivimo groznicu subotnjeg popodneva.<\/p>\n<p>&#8220;Mislimo da dolazak jednog kandidata ne mo\u017ee da smanji komfor kolega koji \u0107e prije toga da \u010duju \u010dudesa o Evropskom prvenstvu i Olimpijadi koja \u0107e, pretpostavljamo, da iznese nelegalni direktor TVCG kojega je u skra\u0107enoj proceduri, ne sa\u010dekav\u0161i sve aplikacije, oktroisao nelegalni generalni direktor RTCG 29. decembra 2023. Mada svi dobro znamo da je on mjesto zavrijedio desetak dana ranije kada je jedan donosilac odluka iz establi\u0161menta srda\u010dno do\u010dekan od strane Raoni\u0107a i Drljevi\u0107a.Diskretno, bez zdravice i koljenice.<\/p>\n<p>&#8220;Ne\u0161to je ostalo nedore\u010deno u pozivu medijima i kandidatima. Da li smo, zbog forme komunikacije, obavezni da se iskreno predsjedavaju\u0107em obra\u0107amo sa docent doktor s obzirom da docent predstavlja akademsko zvanje na period od pet godina, a doktorat je akademska titula samostalno ste\u010dena. I da &#8211; &#8220;ko pod svojim imenom u cjelini ili djelimi\u010dno objavi tu\u0111e autorsko djelo, na osnovu \u010dega bude biran u nau\u010dno ili nastavno nau\u010dno zvanje, kazni\u0107e se nov\u010danom kaznom ili zatvorom do \u010detiri godine&#8217;, \u010clan 223 KZCG. Neka ga tu.<\/p>\n<p>&#8220;I jo\u0161 nedore\u010denije, ko je dao potvrdu Raoni\u0107u da ima 5 godina iskustva i da li je za to dobio nare\u0111enje ili koherentno pravno tuma\u010denje? Ko je dao to pravno tuma\u010denje? Ako je neko od advokata koje pla\u0107a RTCG za \u010duvanje interesa RTCG, onda mora da se vidi da li su to oni isti koji su 1. juna 2023. bili savjetodavci Savjeta RTCG za akt ponovnog nelegalnog izbora uz poni\u017eavanje Vi\u0161eg suda. Dakle, ukoliko Zorica \u0110ukanovi\u0107 i mla\u0111ani Zekovi\u0107 primaju novce RTCG, ergo i gra\u0111ana Crne Gore da bi klimoglavili i \u0161tambiljali Raoni\u0107eve ambicije, mora\u0107e da se uklju\u010di i Advokatska komora. Valjda i oni imaju neki Eti\u010dki kodeks. Koji ka\u017ee da ne mo\u017eete da radite na \u0161tetu klijenta, tj. RTCG.<\/p>\n<p>&#8220;Ako je Raoni\u0107a iznenada obuzela moralna odgovornost kako bi uredno ispunio prijavu da ne postoji prepreka da se kandiduje, onda je to trebalo da uradi iz sopstvenog bud\u017eeta, a ne da Drljevi\u0107 doc. dr Veselin upu\u0107uje zahtjeve advokatima da daju mi\u0161ljenje da su odluke koje su neuspje\u0161no branili na sudovima sada puj pike ne va\u017ei, a da je Raoni\u0107 cakum pakum kandidat.<\/p>\n<p>&#8220;Da li je pomenuto mi\u0161ljenje sastavni dio konkursne dokumentacije? Da li je pe\u010datirano? Da li postoji izvje\u0161taj Komisije RTCG ili je on presko\u010den ili zanemaren jer neki pravnici RTCG ipak ne mogu preko granice razuma&#8230; Ako se &#8216;poni\u0161tenjem akta poni\u0161tavaju i sve pravne posljedice koje je taj akt proizveo&#8217; onda su poni\u0161tene i godine iskustva. A i neki dobri doma\u0107in bi mogao da upita za\u0161titnika imovinskih i pravnih interesa Crne Gore \u0111e odo\u0161e 36 mjeseci nezakonitih plata i varijabila \u2013 cca 180 hiljada bruto.<\/p>\n<p>&#8220;I da zavr\u0161imo. Ukoliko \u010dlanovi Savjeta RTCG pored 8 kandidata sa 200 godina iskustva u RTCG izaberu najgoreg studenta prava u istoriji Pravnog fakulteta, Borisa Raoni\u0107a koji je u tri godine sta\u017ea u RTCG (nelegalne) uneredio sva na\u010dela izne\u0161ena u misiji, viziji i ciljevima mati\u010dne mu GA, onda je to jo\u0161 jedan dobar razlog i dokaz da se u ponedjeljak, 2. septembra dopuni krivi\u010dna prijava. Samo ovaj put \u0110ukanovi\u0107ku i Zekovi\u0107a ne\u0107e pla\u0107ati gra\u0111ani Crne Gore.<\/p>\n<p>&#8220;Gra\u0111anska je obaveza napisati ovako o\u0161tar tekst, budu\u0107i da ve\u0107 postoji krivi\u010dna prijava protiv kriminalnog udru\u017eivanja Raoni\u0107a, Drljevi\u0107a i ostalih \u010dlanova Savjeta RTCG. Po\u0161to se opisane aktivnosti prepoznaju kao namje\u0161tanje ponovnog nezakonitog izbora Raoni\u0107a, sve ovo proizilazi kao obaveza iz \u010dlana 385 KZCG, tj. posljedica koje izaziva neprijavljivanje krivi\u010dnog djela, \u0161to je krivi\u010dno djelo protiv pravosu\u0111a. Koje je ve\u0107 iskusilo tretiranje njihovog rada od Drljevi\u0107evog Savjeta i Raoni\u0107evih advokata.<\/p>\n<p>&#8220;Objavom u medijima gra\u0111anska du\u017enost je ispunjena. Na kraju pitanje&#8230; da li se voljnim u\u010de\u0161\u0107em na intervjuu koje organizuje Drljevi\u0107ev Savjet postaje sau\u010desnik u njihovom poduhvatu daju\u0107i mu legitimnost? Pozivamo stru\u010dnu javnost da se uklju\u010di. Mogu i Raoni\u0107evi advokati. Ako im basta&#8221;, saop\u0161tio je \u010covi\u0107.<\/p>\n<blockquote class=\"wp-embedded-content\" data-secret=\"FMwdT7Sb5k\"><p><a href=\"https:\/\/www.pcnen.com\/portal\/2024\/08\/30\/camovic-velickovic-nastavljeno-favorizovanje-jednog-kandidata-za-poziciju-generalnog-direktora-rtcg-a\/\">Camovi\u0107 Veli\u010dkovi\u0107: Nastavljeno favorizovanje jednog kandidata za poziciju generalnog direktora RTCG-a<\/a><\/p><\/blockquote>\n<p><iframe loading=\"lazy\" class=\"wp-embedded-content\" sandbox=\"allow-scripts\" security=\"restricted\" style=\"position: absolute; visibility: hidden;\" title=\"&#8220;Camovi\u0107 Veli\u010dkovi\u0107: Nastavljeno favorizovanje jednog kandidata za poziciju generalnog direktora RTCG-a&#8221; &#8212; PCNEN\" src=\"https:\/\/www.pcnen.com\/portal\/2024\/08\/30\/camovic-velickovic-nastavljeno-favorizovanje-jednog-kandidata-za-poziciju-generalnog-direktora-rtcg-a\/embed\/#?secret=f2A5L0pH2S#?secret=FMwdT7Sb5k\" data-secret=\"FMwdT7Sb5k\" width=\"600\" height=\"338\" frameborder=\"0\" marginwidth=\"0\" marginheight=\"0\" scrolling=\"no\"><\/iframe><\/p>\n","protected":false},"excerpt":{"rendered":"<p>Sr\u0111an \u010covi\u0107, jedan od kandidata za generalnog direktora Radio-televizije Crne Gore, oglasio se saop\u0161tenjem u susret dana\u0161njoj sjednici Savjeta RTCG-a, na kojoj bi trebalo da se obave intervjui sa kandidatima za tu funkciju.<\/p>\n","protected":false},"author":1,"featured_media":407457,"comment_status":"open","ping_status":"closed","sticky":false,"template":"","format":"standard","meta":{"_seopress_robots_primary_cat":"none","_seopress_titles_title":"","_seopress_titles_desc":"","_seopress_robots_index":"","_et_pb_use_builder":"","_et_pb_old_content":"","_et_gb_content_width":"","inline_featured_image":false,"footnotes":""},"categories":[14],"tags":[],"class_list":["post-411065","post","type-post","status-publish","format-standard","has-post-thumbnail","hentry","category-vijesti"],"_links":{"self":[{"href":"https:\/\/www.pcnen.com\/portal\/wp-json\/wp\/v2\/posts\/411065","targetHints":{"allow":["GET"]}}],"collection":[{"href":"https:\/\/www.pcnen.com\/portal\/wp-json\/wp\/v2\/posts"}],"about":[{"href":"https:\/\/www.pcnen.com\/portal\/wp-json\/wp\/v2\/types\/post"}],"author":[{"embeddable":true,"href":"https:\/\/www.pcnen.com\/portal\/wp-json\/wp\/v2\/users\/1"}],"replies":[{"embeddable":true,"href":"https:\/\/www.pcnen.com\/portal\/wp-json\/wp\/v2\/comments?post=411065"}],"version-history":[{"count":2,"href":"https:\/\/www.pcnen.com\/portal\/wp-json\/wp\/v2\/posts\/411065\/revisions"}],"predecessor-version":[{"id":411069,"href":"https:\/\/www.pcnen.com\/portal\/wp-json\/wp\/v2\/posts\/411065\/revisions\/411069"}],"wp:featuredmedia":[{"embeddable":true,"href":"https:\/\/www.pcnen.com\/portal\/wp-json\/wp\/v2\/media\/407457"}],"wp:attachment":[{"href":"https:\/\/www.pcnen.com\/portal\/wp-json\/wp\/v2\/media?parent=411065"}],"wp:term":[{"taxonomy":"category","embeddable":true,"href":"https:\/\/www.pcnen.com\/portal\/wp-json\/wp\/v2\/categories?post=411065"},{"taxonomy":"post_tag","embeddable":true,"href":"https:\/\/www.pcnen.com\/portal\/wp-json\/wp\/v2\/tags?post=411065"}],"curies":[{"name":"wp","href":"https:\/\/api.w.org\/{rel}","templated":true}]}}