{"id":411029,"date":"2024-08-30T22:57:12","date_gmt":"2024-08-30T20:57:12","guid":{"rendered":"https:\/\/www.pcnen.com\/portal\/?p=411029"},"modified":"2024-08-30T22:57:12","modified_gmt":"2024-08-30T20:57:12","slug":"suncano-popodne-naoblacenje-8","status":"publish","type":"post","link":"https:\/\/www.pcnen.com\/portal\/2024\/08\/30\/suncano-popodne-naoblacenje-8\/","title":{"rendered":"Sun\u010dano, popodne naobla\u010denje"},"content":{"rendered":"<p>U subotu \u0107e Crnoj Gori biti prete\u017eno sun\u010dano, na sjeveru ponegdje uz malu do umjerenu obla\u010dnost. Poslijepodne \u0107e do\u0107i do poja\u010dane obla\u010dnosti koja \u0107e usloviti lokalno u kontinentalnim predjelima kratkotrajnu ki\u0161u ili pljusak sa grmljavinom.<\/p>\n<p>Vjetar slab do umjeren, mjestimi\u010dno poja\u010dan, duva\u0107e sa sjevera.<\/p>\n<p>Jutarnja temperatura vazduha kreta\u0107e se od 10 do 26, najvi\u0161a dnevna od 22 do 36 stepeni.<\/p>\n<p>U Podgorici \u0107e biti prete\u017eno sun\u010dano. Poslijepodne \u0107e se naobla\u010diti.<\/p>\n<p>Vjetar slab do umjeren, sjeveroisto\u010dni, povremeno \u0107e biti poja\u010dan.<\/p>\n<p>Jutarnja temperatura vazduha bi\u0107re 26, najvi\u0161a dnevna 36 stepeni.<\/p>\n","protected":false},"excerpt":{"rendered":"<p>U subotu \u0107e Crnoj Gori biti prete\u017eno sun\u010dano, na sjeveru ponegdje uz malu do umjerenu obla\u010dnost<\/p>\n","protected":false},"author":1,"featured_media":390262,"comment_status":"open","ping_status":"closed","sticky":false,"template":"","format":"standard","meta":{"_seopress_robots_primary_cat":"none","_seopress_titles_title":"","_seopress_titles_desc":"","_seopress_robots_index":"","_et_pb_use_builder":"","_et_pb_old_content":"","_et_gb_content_width":"","inline_featured_image":false,"footnotes":""},"categories":[14],"tags":[],"class_list":["post-411029","post","type-post","status-publish","format-standard","has-post-thumbnail","hentry","category-vijesti"],"_links":{"self":[{"href":"https:\/\/www.pcnen.com\/portal\/wp-json\/wp\/v2\/posts\/411029","targetHints":{"allow":["GET"]}}],"collection":[{"href":"https:\/\/www.pcnen.com\/portal\/wp-json\/wp\/v2\/posts"}],"about":[{"href":"https:\/\/www.pcnen.com\/portal\/wp-json\/wp\/v2\/types\/post"}],"author":[{"embeddable":true,"href":"https:\/\/www.pcnen.com\/portal\/wp-json\/wp\/v2\/users\/1"}],"replies":[{"embeddable":true,"href":"https:\/\/www.pcnen.com\/portal\/wp-json\/wp\/v2\/comments?post=411029"}],"version-history":[{"count":1,"href":"https:\/\/www.pcnen.com\/portal\/wp-json\/wp\/v2\/posts\/411029\/revisions"}],"predecessor-version":[{"id":411032,"href":"https:\/\/www.pcnen.com\/portal\/wp-json\/wp\/v2\/posts\/411029\/revisions\/411032"}],"wp:featuredmedia":[{"embeddable":true,"href":"https:\/\/www.pcnen.com\/portal\/wp-json\/wp\/v2\/media\/390262"}],"wp:attachment":[{"href":"https:\/\/www.pcnen.com\/portal\/wp-json\/wp\/v2\/media?parent=411029"}],"wp:term":[{"taxonomy":"category","embeddable":true,"href":"https:\/\/www.pcnen.com\/portal\/wp-json\/wp\/v2\/categories?post=411029"},{"taxonomy":"post_tag","embeddable":true,"href":"https:\/\/www.pcnen.com\/portal\/wp-json\/wp\/v2\/tags?post=411029"}],"curies":[{"name":"wp","href":"https:\/\/api.w.org\/{rel}","templated":true}]}}