{"id":411019,"date":"2024-08-30T22:25:04","date_gmt":"2024-08-30T20:25:04","guid":{"rendered":"https:\/\/www.pcnen.com\/portal\/?p=411019"},"modified":"2024-08-30T22:25:04","modified_gmt":"2024-08-30T20:25:04","slug":"u-evropi-prvi-put-pronadjena-kolonija-opasnih-insekata","status":"publish","type":"post","link":"https:\/\/www.pcnen.com\/portal\/2024\/08\/30\/u-evropi-prvi-put-pronadjena-kolonija-opasnih-insekata\/","title":{"rendered":"U Evropi prvi put prona\u0111ena kolonija opasnih insekata"},"content":{"rendered":"<p>U Evropi je prvi put prona\u0111ena kolonija invazivne crvene patuljaste p\u010dele, saop\u0161tili su nau\u010dnici.<\/p>\n<p>P\u010dele vrste Apis florea porijeklom su iz Azije, a njihovo pojavljivanje na Malti izazvalo je uzbunu me\u0111u lokalnim p\u010delarima i za\u0161titnicima prirode koji se boje razornih posljedica po doma\u0107e populacije p\u010dela, pi\u0161e Gardijan, prenosi Tanjug.<\/p>\n<p>&#8220;Zabrinjavaju\u0107e je \u0161to je Apis florea prona\u0111ena na Malti. One \u0107e se vjerovatno takmi\u010diti za polen i nektar s na\u0161im doma\u0107im opra\u0161iva\u010dima, grupom insekata kojih je ve\u0107 sve manje. Tako\u0111e je vrlo vjerovatno da \u0107e ove p\u010dele prenositi vi\u0161estruke bolesti na koje evropske p\u010dele mogu da imaju slabu otpornost&#8221;, upozorio je profesor biologije na Univerzitetu u Saseksu Dejv Gulson.<\/p>\n<p>Kolonija, sa vi\u0161e od 2.000 odraslih p\u010dela, otkrivena je i identifikovana i kad je potvr\u0111eno da je rije\u010d o vrsti Apis florea, ona je odmah uklonjena i uni\u0161tena. Me\u0111utim, istra\u017eiva\u010di sumnjaju da je grupa p\u010dela ve\u0107 napustila ko\u0161nicu kako bi osnovala novu koloniju.<\/p>\n<p>Blizina kolonije luci Birzebuga, glavnom teretnom \u010dvori\u0161tu Malte, sugeri\u0161e da su p\u010dele mo\u017eda stigle trgova\u010dkim brodom, navodi britanski list.<\/p>\n<p>Istra\u017eiva\u010di vjeruju da blage zime na Malti i drugim ju\u017enoevropskim zemljama pogoduju opstanku ove invazivne vrste i da bi za samo nekoliko godina ova vrsta mogla da se pro\u0161iri na druga mjesta.<\/p>\n","protected":false},"excerpt":{"rendered":"<p>U Evropi je prvi put prona\u0111ena kolonija invazivne crvene patuljaste p\u010dele, saop\u0161tili su nau\u010dnici.<\/p>\n","protected":false},"author":1,"featured_media":411022,"comment_status":"open","ping_status":"closed","sticky":false,"template":"","format":"standard","meta":{"_seopress_robots_primary_cat":"none","_seopress_titles_title":"","_seopress_titles_desc":"","_seopress_robots_index":"","_et_pb_use_builder":"","_et_pb_old_content":"","_et_gb_content_width":"","inline_featured_image":false,"footnotes":""},"categories":[14],"tags":[],"class_list":["post-411019","post","type-post","status-publish","format-standard","has-post-thumbnail","hentry","category-vijesti"],"_links":{"self":[{"href":"https:\/\/www.pcnen.com\/portal\/wp-json\/wp\/v2\/posts\/411019","targetHints":{"allow":["GET"]}}],"collection":[{"href":"https:\/\/www.pcnen.com\/portal\/wp-json\/wp\/v2\/posts"}],"about":[{"href":"https:\/\/www.pcnen.com\/portal\/wp-json\/wp\/v2\/types\/post"}],"author":[{"embeddable":true,"href":"https:\/\/www.pcnen.com\/portal\/wp-json\/wp\/v2\/users\/1"}],"replies":[{"embeddable":true,"href":"https:\/\/www.pcnen.com\/portal\/wp-json\/wp\/v2\/comments?post=411019"}],"version-history":[{"count":1,"href":"https:\/\/www.pcnen.com\/portal\/wp-json\/wp\/v2\/posts\/411019\/revisions"}],"predecessor-version":[{"id":411023,"href":"https:\/\/www.pcnen.com\/portal\/wp-json\/wp\/v2\/posts\/411019\/revisions\/411023"}],"wp:featuredmedia":[{"embeddable":true,"href":"https:\/\/www.pcnen.com\/portal\/wp-json\/wp\/v2\/media\/411022"}],"wp:attachment":[{"href":"https:\/\/www.pcnen.com\/portal\/wp-json\/wp\/v2\/media?parent=411019"}],"wp:term":[{"taxonomy":"category","embeddable":true,"href":"https:\/\/www.pcnen.com\/portal\/wp-json\/wp\/v2\/categories?post=411019"},{"taxonomy":"post_tag","embeddable":true,"href":"https:\/\/www.pcnen.com\/portal\/wp-json\/wp\/v2\/tags?post=411019"}],"curies":[{"name":"wp","href":"https:\/\/api.w.org\/{rel}","templated":true}]}}