{"id":411015,"date":"2024-08-30T20:27:26","date_gmt":"2024-08-30T18:27:26","guid":{"rendered":"https:\/\/www.pcnen.com\/portal\/?p=411015"},"modified":"2024-08-30T20:27:26","modified_gmt":"2024-08-30T18:27:26","slug":"zelenski-smijenio-prvog-covjeka-ukrajinskog-vazduhoplovstva","status":"publish","type":"post","link":"https:\/\/www.pcnen.com\/portal\/2024\/08\/30\/zelenski-smijenio-prvog-covjeka-ukrajinskog-vazduhoplovstva\/","title":{"rendered":"Zelenski smijenio prvog \u010dovjeka ukrajinskog vazduhoplovstva"},"content":{"rendered":"<p>Ukrajinski predsjednik Volodimir Zelenski danas je smijenio komandanta vazduhoplovstva Oru\u017eanih snaga Mikolu Ole\u0161\u010duka.<\/p>\n<p>Ukrajinski General\u0161tab saop\u0161tio je da \u0107e du\u017enosti komandanta privremeno obavljati general-potpukovnik Anatolij Krivono\u0161ka.<\/p>\n<p>Ukrajinska vojska nije navela razlog pada aviona, ali je re\u010deno da se letjelica sru\u0161ila dok se pribli\u017eavala ruskoj meti. Ole\u0161\u010duk je rekao da partneri iz SAD poma\u017eu u istrazi o incidentu.<\/p>\n<p>Ameri\u010dki zvani\u010dnik nadle\u017ean za odbranu rekao je Rojtersu da se \u010dini da pad nije rezultat ruske vatre, a mogu\u0107i uzroci, od gre\u0161ke pilota do mehani\u010dkog kvara, jo\u0161 se istra\u017euju.<\/p>\n","protected":false},"excerpt":{"rendered":"<p>Ukrajinski predsjednik Volodimir Zelenski danas je smijenio komandanta vazduhoplovstva Oru\u017eanih snaga Mikolu Ole\u0161\u010duka.<\/p>\n","protected":false},"author":1,"featured_media":343318,"comment_status":"open","ping_status":"closed","sticky":false,"template":"","format":"standard","meta":{"_seopress_robots_primary_cat":"none","_seopress_titles_title":"","_seopress_titles_desc":"","_seopress_robots_index":"","_et_pb_use_builder":"","_et_pb_old_content":"","_et_gb_content_width":"","inline_featured_image":false,"footnotes":""},"categories":[14],"tags":[],"class_list":["post-411015","post","type-post","status-publish","format-standard","has-post-thumbnail","hentry","category-vijesti"],"_links":{"self":[{"href":"https:\/\/www.pcnen.com\/portal\/wp-json\/wp\/v2\/posts\/411015","targetHints":{"allow":["GET"]}}],"collection":[{"href":"https:\/\/www.pcnen.com\/portal\/wp-json\/wp\/v2\/posts"}],"about":[{"href":"https:\/\/www.pcnen.com\/portal\/wp-json\/wp\/v2\/types\/post"}],"author":[{"embeddable":true,"href":"https:\/\/www.pcnen.com\/portal\/wp-json\/wp\/v2\/users\/1"}],"replies":[{"embeddable":true,"href":"https:\/\/www.pcnen.com\/portal\/wp-json\/wp\/v2\/comments?post=411015"}],"version-history":[{"count":1,"href":"https:\/\/www.pcnen.com\/portal\/wp-json\/wp\/v2\/posts\/411015\/revisions"}],"predecessor-version":[{"id":411018,"href":"https:\/\/www.pcnen.com\/portal\/wp-json\/wp\/v2\/posts\/411015\/revisions\/411018"}],"wp:featuredmedia":[{"embeddable":true,"href":"https:\/\/www.pcnen.com\/portal\/wp-json\/wp\/v2\/media\/343318"}],"wp:attachment":[{"href":"https:\/\/www.pcnen.com\/portal\/wp-json\/wp\/v2\/media?parent=411015"}],"wp:term":[{"taxonomy":"category","embeddable":true,"href":"https:\/\/www.pcnen.com\/portal\/wp-json\/wp\/v2\/categories?post=411015"},{"taxonomy":"post_tag","embeddable":true,"href":"https:\/\/www.pcnen.com\/portal\/wp-json\/wp\/v2\/tags?post=411015"}],"curies":[{"name":"wp","href":"https:\/\/api.w.org\/{rel}","templated":true}]}}