{"id":411002,"date":"2024-08-30T15:06:13","date_gmt":"2024-08-30T13:06:13","guid":{"rendered":"https:\/\/www.pcnen.com\/portal\/?p=411002"},"modified":"2024-08-30T15:06:13","modified_gmt":"2024-08-30T13:06:13","slug":"njemacka-ponovo-deportuje-osudjenike-u-avganistan","status":"publish","type":"post","link":"https:\/\/www.pcnen.com\/portal\/2024\/08\/30\/njemacka-ponovo-deportuje-osudjenike-u-avganistan\/","title":{"rendered":"Njema\u010dka ponovo deportuje osu\u0111enike u Avganistan"},"content":{"rendered":"<p>Njema\u010dka je, po prvi put nakon \u0161to su radikalno-islamisti\u010dki talibani prije tri godine preuzeli vlast, ponovo deportovala po\u010dinioce krivi\u010dnih djela u Avganistan, potvrdili su portparol njema\u010dke vlade \u0160tefen Hebe\u0161trajt i Ministarstvo unutra\u0161njih poslova pokrajine Saksonije. \u201eRadilo se o avganistanskim dr\u017eavljanima koji su svi bili osu\u0111eni po\u010dinioci krivi\u010dnih djela koji nisu imali pravo boravka u Njema\u010dkoj i za koje su postojale odluke o protjerivanju\u201c, <a href=\"https:\/\/www.dw.com\/sr\/prvi-put-od-povratka-talibana-nema%C4%8Dka-deportuje-osu%C4%91enike-u-avganistan\/a-70089358\" target=\"_blank\" rel=\"noopener\">prenosi<\/a> DW.<\/p>\n<p>Prethodno je o tome izvijestio list \u0160pigel koji je saznao da je u petak ujutro (30. avgust) \u010darter-let Katar ervejza poletio sa aerodroma Lajpcig\/Hale u smjeru Kabula. U avionu je bilo 28 mu\u0161karaca koji su dovedeni u Lajpcig iz razli\u010ditih njema\u010dkih pokrajina.<\/p>\n<p>Njema\u010dka nema diplomatske odnose s talibanskim vlastima u Kabulu. Nakon smrtonosnog napada no\u017eem u Manhajmu krajem maja, kancelar Olaf \u0160olc (SPD) je najavio ponovno omogu\u0107avanje deportacije te\u0161kih kriminalaca i terorista u Avganistan i Siriju. Ova deportacija obavljena je samo nekoliko dana nakon navodno islamisti\u010dki motivisanog smrtonosnog napada no\u017eem u Zolingenu, ali, kako pi\u0161e \u0160pigel, pripremana je oko dva mjeseca.<\/p>\n","protected":false},"excerpt":{"rendered":"<p>Njema\u010dka je, po prvi put nakon \u0161to su radikalno-islamisti\u010dki talibani prije tri godine preuzeli vlast, ponovo deportovala po\u010dinioce krivi\u010dnih djela u Avganistan, potvrdili su portparol njema\u010dke vlade \u0160tefen Hebe\u0161trajt i Ministarstvo unutra\u0161njih poslova pokrajine Saksonije<\/p>\n","protected":false},"author":1,"featured_media":354496,"comment_status":"open","ping_status":"closed","sticky":false,"template":"","format":"standard","meta":{"_seopress_robots_primary_cat":"none","_seopress_titles_title":"","_seopress_titles_desc":"","_seopress_robots_index":"","_et_pb_use_builder":"","_et_pb_old_content":"","_et_gb_content_width":"","inline_featured_image":false,"footnotes":""},"categories":[14],"tags":[],"class_list":["post-411002","post","type-post","status-publish","format-standard","has-post-thumbnail","hentry","category-vijesti"],"_links":{"self":[{"href":"https:\/\/www.pcnen.com\/portal\/wp-json\/wp\/v2\/posts\/411002","targetHints":{"allow":["GET"]}}],"collection":[{"href":"https:\/\/www.pcnen.com\/portal\/wp-json\/wp\/v2\/posts"}],"about":[{"href":"https:\/\/www.pcnen.com\/portal\/wp-json\/wp\/v2\/types\/post"}],"author":[{"embeddable":true,"href":"https:\/\/www.pcnen.com\/portal\/wp-json\/wp\/v2\/users\/1"}],"replies":[{"embeddable":true,"href":"https:\/\/www.pcnen.com\/portal\/wp-json\/wp\/v2\/comments?post=411002"}],"version-history":[{"count":1,"href":"https:\/\/www.pcnen.com\/portal\/wp-json\/wp\/v2\/posts\/411002\/revisions"}],"predecessor-version":[{"id":411005,"href":"https:\/\/www.pcnen.com\/portal\/wp-json\/wp\/v2\/posts\/411002\/revisions\/411005"}],"wp:featuredmedia":[{"embeddable":true,"href":"https:\/\/www.pcnen.com\/portal\/wp-json\/wp\/v2\/media\/354496"}],"wp:attachment":[{"href":"https:\/\/www.pcnen.com\/portal\/wp-json\/wp\/v2\/media?parent=411002"}],"wp:term":[{"taxonomy":"category","embeddable":true,"href":"https:\/\/www.pcnen.com\/portal\/wp-json\/wp\/v2\/categories?post=411002"},{"taxonomy":"post_tag","embeddable":true,"href":"https:\/\/www.pcnen.com\/portal\/wp-json\/wp\/v2\/tags?post=411002"}],"curies":[{"name":"wp","href":"https:\/\/api.w.org\/{rel}","templated":true}]}}