{"id":410994,"date":"2024-08-30T14:23:31","date_gmt":"2024-08-30T12:23:31","guid":{"rendered":"https:\/\/www.pcnen.com\/portal\/?p=410994"},"modified":"2024-08-30T14:25:59","modified_gmt":"2024-08-30T12:25:59","slug":"najavljen-protest-roditelja-koji-ne-zele-da-njihova-djeca-prime-mmr","status":"publish","type":"post","link":"https:\/\/www.pcnen.com\/portal\/2024\/08\/30\/najavljen-protest-roditelja-koji-ne-zele-da-njihova-djeca-prime-mmr\/","title":{"rendered":"Najavljen protest roditelja koji ne \u017eele da njihova djeca prime MMR"},"content":{"rendered":"<p>U \u010detvrtak, 5.avgusta, u 12 sati ispred Instituta za javno zdravlje Crne Gore bi\u0107e organizovan protest roditelja, zbog uslovaljavanja nadle\u017enih da njihova djeca prime MMR vakcinu.<\/p>\n<p>Oni tvrde da je u pitanju \u010din diskriminacije koju sprovodi Ministarstvo zdravlja.<\/p>\n<p>Smatraju da roditelji imaju pravo na slobodu izbora, jer ih \u0161titi Zakon o za\u0161titi pacijenata.<\/p>\n<p>Isti\u010du i da je namjera da se djeca koja nijesu primila MMR izuzmu iz kolektiva kr\u0161enje Ustava Crne Gore.<\/p>\n<p>Institut za javno zdravlje (IJZ) predlo\u017eio je Ministarstvu zdravlja da izmijeni zakon kako bi se nevakcinisanoj djeci ograni\u010dio boravak u \u0161kolama i vrti\u0107ima ili uvede privremene mjere u op\u0161tinama gdje je prijavljena epidemija malih boginja. U toj ustanovi o\u010dekuju da \u0107e Ministarstvo uva\u017eiti sugestije i preduzeti hitne mjere kako bi se smanjio rizik od velike epidemije koja mo\u017ee dovesti do preoptere\u0107enja zdravstvenog sistema, te\u0161ke klini\u010dke slike, komplikacija i mogu\u0107ih smrtnih ishoda.<\/p>\n<p>Ministarstvo zdravlja i Centar za rani razvoj Klini\u010dkog centra Crne Gore saop\u0161tili su ju\u010de da uzrok za pojavu autizma nikako se ne mo\u017ee povezivati sa MMR vakcinom niti njenim uticajem na pojavu bilo kojeg razvojnog poreme\u0107aja iz ovog spektra, za \u0161ta postoje i stru\u010dna i nau\u010dna utemljenja.<\/p>\n<p><a href=\"https:\/\/www.pcnen.com\/portal\/?s=IJZ\">VEZANE VIJESTI<\/a><\/p>\n","protected":false},"excerpt":{"rendered":"<p>U \u010detvrtak, 5.avgusta, u 12 sati ispred Instituta za javno zdravlje Crne Gore bi\u0107e organizovan protest roditelja, zbog uslovaljavanja nadle\u017enih da njihova djeca prime MMR vakcinu.<\/p>\n","protected":false},"author":1,"featured_media":383949,"comment_status":"open","ping_status":"closed","sticky":false,"template":"","format":"standard","meta":{"_seopress_robots_primary_cat":"none","_seopress_titles_title":"","_seopress_titles_desc":"","_seopress_robots_index":"","_et_pb_use_builder":"","_et_pb_old_content":"","_et_gb_content_width":"","inline_featured_image":false,"footnotes":""},"categories":[14],"tags":[],"class_list":["post-410994","post","type-post","status-publish","format-standard","has-post-thumbnail","hentry","category-vijesti"],"_links":{"self":[{"href":"https:\/\/www.pcnen.com\/portal\/wp-json\/wp\/v2\/posts\/410994","targetHints":{"allow":["GET"]}}],"collection":[{"href":"https:\/\/www.pcnen.com\/portal\/wp-json\/wp\/v2\/posts"}],"about":[{"href":"https:\/\/www.pcnen.com\/portal\/wp-json\/wp\/v2\/types\/post"}],"author":[{"embeddable":true,"href":"https:\/\/www.pcnen.com\/portal\/wp-json\/wp\/v2\/users\/1"}],"replies":[{"embeddable":true,"href":"https:\/\/www.pcnen.com\/portal\/wp-json\/wp\/v2\/comments?post=410994"}],"version-history":[{"count":3,"href":"https:\/\/www.pcnen.com\/portal\/wp-json\/wp\/v2\/posts\/410994\/revisions"}],"predecessor-version":[{"id":411001,"href":"https:\/\/www.pcnen.com\/portal\/wp-json\/wp\/v2\/posts\/410994\/revisions\/411001"}],"wp:featuredmedia":[{"embeddable":true,"href":"https:\/\/www.pcnen.com\/portal\/wp-json\/wp\/v2\/media\/383949"}],"wp:attachment":[{"href":"https:\/\/www.pcnen.com\/portal\/wp-json\/wp\/v2\/media?parent=410994"}],"wp:term":[{"taxonomy":"category","embeddable":true,"href":"https:\/\/www.pcnen.com\/portal\/wp-json\/wp\/v2\/categories?post=410994"},{"taxonomy":"post_tag","embeddable":true,"href":"https:\/\/www.pcnen.com\/portal\/wp-json\/wp\/v2\/tags?post=410994"}],"curies":[{"name":"wp","href":"https:\/\/api.w.org\/{rel}","templated":true}]}}