{"id":410980,"date":"2024-08-30T11:58:59","date_gmt":"2024-08-30T09:58:59","guid":{"rendered":"https:\/\/www.pcnen.com\/portal\/?p=410980"},"modified":"2024-08-30T11:59:00","modified_gmt":"2024-08-30T09:59:00","slug":"inspekcija-rada-da-se-ukljuci-traze-oni-lise-raonica-koji-su-konkurisali-na-duznost-generalnog-direktora-rtcg","status":"publish","type":"post","link":"https:\/\/www.pcnen.com\/portal\/2024\/08\/30\/inspekcija-rada-da-se-ukljuci-traze-oni-lise-raonica-koji-su-konkurisali-na-duznost-generalnog-direktora-rtcg\/","title":{"rendered":"Inspekcija rada da se uklju\u010di tra\u017ee oni (li\u0161e Raoni\u0107a) koji su konkurisali na du\u017enost generalnog direktora RTCG"},"content":{"rendered":"<p>Kandidati\/kinje za generalnog direktora\/direktoricu RTCG \u010caslav Vujoti\u0107, Andrijana Kadija, Slaven Knezovi\u0107, Sabrija Vuli\u0107, \u017darko Bo\u017eovi\u0107, Sne\u017eana Burzan Vuksanovi\u0107 i Sr\u0111an \u010covi\u0107 su se obratili Upravi za inspekcijske poslove &#8211; Inspekciji rada i apelovali na nju da se blagovremeno uklju\u010di u proces izbora generalnog direktora\/ce RTCG.<\/p>\n<p>&#8220;Ponavlja se situacija iz avgusta 2021, kada je, zbog indolentnosti va\u0161e institucije, izabran kandidat koji nije zadovoljavao elementarne uslove Zakona o radu, a \u0161to je proizvelo mnoge parni\u010dne procese i nesagledivu \u0161tetu po reputaciju RTCG. Nemojte ponavljati gre\u0161ke&#8221;, poru\u010duje se u dopisu \u010dije djelove prenosi portal Antena M.<\/p>\n<p>Potzpisnici apela sugeri\u0161u \u0161ta treba ispitati:<\/p>\n<p>1. Ko je previdio \u010dinjenicu da je Boris Raoni\u0107 dva puta imenovan za generalnog direktora i to Odlukom Savjeta RTCG , br. 01-5582, od 06.08.2021. godine i Odlukom Savjeta RTCG, br. 01-3576 od 01.06.2023. godine? Pritom, podsje\u0107aju na \u010dlan 35 Zakona o nacionalnom javnom emiteru koji ka\u017ee da &#8220;isto lice mo\u017ee biti imenovano za generalnog direktora najvi\u0161e dva puta\u2019\u2019.<\/p>\n<p>2. Ko je Borisu Raoni\u0107u izdao i potpisao potvrdu da ima radno iskustvo od 5 godina, s obzirom da \u010dlan 5, ta\u010dka 8, Zakona o radu radno iskustvo defini\u0161e kao &#8220;vrijeme provedeno u radnom odnosu i stru\u010dnom osposobljavanju u skladu sa zakonom, u kvalifikaciji nivoa obrazovanja, odnosno u stru\u010dnoj kvalifikaciji&#8221; ?<\/p>\n<p>&#8220;Iz prilo\u017eenih dokumenata lako je uo\u010diti da je Boris Raoni\u0107 stekao VII1 stepen u aprilu 2018. godine, a da su Osnovni, Vi\u0161i, Vrhovni sud i ASK potvrdili da su njegova imenovanja bila nelegalna, tako da u najboljem slu\u010daju ima 3 godine i 4 mjeseca zakonitog radnog iskustva&#8221;, navodi se u dopisu sedam kandidata\/kinja za generalnog direktora\/direktoricu RTCG.<\/p>\n","protected":false},"excerpt":{"rendered":"<p>Kandidati\/kinje za generalnog direktora\/direktoricu RTCG \u010caslav Vujoti\u0107, Andrijana Kadija, Slaven Knezovi\u0107, Sabrija Vuli\u0107, \u017darko Bo\u017eovi\u0107, Sne\u017eana Burzan Vuksanovi\u0107 i Sr\u0111an \u010covi\u0107 su se obratili Upravi za inspekcijske poslove &#8211; Inspekciji rada i apelovali na nju da se blagovremeno uklju\u010di u proces izbora generalnog direktora\/ce RTCG<\/p>\n","protected":false},"author":1,"featured_media":277231,"comment_status":"open","ping_status":"closed","sticky":false,"template":"","format":"standard","meta":{"_seopress_robots_primary_cat":"none","_seopress_titles_title":"","_seopress_titles_desc":"","_seopress_robots_index":"","_et_pb_use_builder":"","_et_pb_old_content":"","_et_gb_content_width":"","inline_featured_image":false,"footnotes":""},"categories":[14],"tags":[],"class_list":["post-410980","post","type-post","status-publish","format-standard","has-post-thumbnail","hentry","category-vijesti"],"_links":{"self":[{"href":"https:\/\/www.pcnen.com\/portal\/wp-json\/wp\/v2\/posts\/410980","targetHints":{"allow":["GET"]}}],"collection":[{"href":"https:\/\/www.pcnen.com\/portal\/wp-json\/wp\/v2\/posts"}],"about":[{"href":"https:\/\/www.pcnen.com\/portal\/wp-json\/wp\/v2\/types\/post"}],"author":[{"embeddable":true,"href":"https:\/\/www.pcnen.com\/portal\/wp-json\/wp\/v2\/users\/1"}],"replies":[{"embeddable":true,"href":"https:\/\/www.pcnen.com\/portal\/wp-json\/wp\/v2\/comments?post=410980"}],"version-history":[{"count":1,"href":"https:\/\/www.pcnen.com\/portal\/wp-json\/wp\/v2\/posts\/410980\/revisions"}],"predecessor-version":[{"id":410983,"href":"https:\/\/www.pcnen.com\/portal\/wp-json\/wp\/v2\/posts\/410980\/revisions\/410983"}],"wp:featuredmedia":[{"embeddable":true,"href":"https:\/\/www.pcnen.com\/portal\/wp-json\/wp\/v2\/media\/277231"}],"wp:attachment":[{"href":"https:\/\/www.pcnen.com\/portal\/wp-json\/wp\/v2\/media?parent=410980"}],"wp:term":[{"taxonomy":"category","embeddable":true,"href":"https:\/\/www.pcnen.com\/portal\/wp-json\/wp\/v2\/categories?post=410980"},{"taxonomy":"post_tag","embeddable":true,"href":"https:\/\/www.pcnen.com\/portal\/wp-json\/wp\/v2\/tags?post=410980"}],"curies":[{"name":"wp","href":"https:\/\/api.w.org\/{rel}","templated":true}]}}