{"id":410918,"date":"2024-08-29T19:44:40","date_gmt":"2024-08-29T17:44:40","guid":{"rendered":"https:\/\/www.pcnen.com\/portal\/?p=410918"},"modified":"2024-08-29T19:44:40","modified_gmt":"2024-08-29T17:44:40","slug":"binali-camgoz-izrucen-turskoj","status":"publish","type":"post","link":"https:\/\/www.pcnen.com\/portal\/2024\/08\/29\/binali-camgoz-izrucen-turskoj\/","title":{"rendered":"Binali \u010camgoz izru\u010den Turskoj"},"content":{"rendered":"<p>Binali \u010camgoz ije zru\u010den Turskoj, saznaje TVCG<\/p>\n<p>Binalija \u010camgoza (41) crnogorska policija je prvi put uhapsila po potjernici Interpola jula 2022. godine.<\/p>\n<p>Prilikom hap\u0161enja, kod sebe je imao falsifikovani paso\u0161 na ime Mehmet Ali Bajhan. Mjesec ranije je koriste\u0107i falsifikovani paso\u0161 u Budvi osnovao kompaniju &#8220;Lion &amp; D&#8221;, \u010dija je djelatnost izgradnja nekretnina.<\/p>\n<p>Ve\u0107inski vlasnik i izvr\u0161ni direktor kompanije je, prema podacima Centralnog registra, tako\u0111e turski dr\u017eavljanin Deniz Aksu. U Registru nema drugih kompanija u Crnoj Gori na njihovo ime.<\/p>\n<p>Turska je po hap\u0161enju \u010camgoza 2022. godine zatra\u017eila njegovo izru\u010denje.<\/p>\n<p>Vi\u0161i sud je jo\u0161 u aprilu 2023. godine utvrdio da su ispunjeni uslovi za to, \u0161to je potvrdio i Apelacioni u junu iste godine.<\/p>\n<p>Marko Kova\u010d, ministar pravde u tada\u0161njoj Vladi Dritana Abazovi\u0107a, nije donio odluku o njegovom izru\u010denju Turskoj.<\/p>\n<p>Nakon \u0161to je godinu i po, od jula 2022. do decembra 2023., proveo u pritvoru u Spu\u017eu, nadomak Podgorice, \u010camgoz je preba\u010den u Prihvatili\u0161te za strance.<\/p>\n<p>Biiv\u0161i ministar pravde Andrej Milovi\u0107 odlu\u010dio je 22. januara da Crna Gora ne\u0107e izru\u010diti turskog dr\u017eavljanina Ankrari, podsje\u0107a RTCG.<\/p>\n<p>Ministar pravde Bojan Bo\u017eovi\u0107 saop\u0161tio je da je prethodnih dana pristupio upoznavanju i analizi svih predmeta koji su u radu tog Ministarstva, posebno onih koji se odnose na ekstradiciju.<\/p>\n<p>On je za RTCG rekao da smatra da je to odgovoran pristup, te da ovi predmeti shodno osjetljivosti pitanja koja tretiraju, zaslu\u017euju prioritet.<\/p>\n<p><a href=\"https:\/\/www.pcnen.com\/portal\/2024\/06\/25\/upravni-sud-turskom-drzavljaninu-camgozu-zakonito-ogranicena-sloboda-kretanja\/\">VEZANE VIJESTI<\/a><\/p>\n","protected":false},"excerpt":{"rendered":"<p>Binali \u010camgoz ije zru\u010den Turskoj, saznaje TVCG<\/p>\n","protected":false},"author":1,"featured_media":282949,"comment_status":"open","ping_status":"closed","sticky":false,"template":"","format":"standard","meta":{"_seopress_robots_primary_cat":"none","_seopress_titles_title":"","_seopress_titles_desc":"","_seopress_robots_index":"","_et_pb_use_builder":"","_et_pb_old_content":"","_et_gb_content_width":"","inline_featured_image":false,"footnotes":""},"categories":[14],"tags":[],"class_list":["post-410918","post","type-post","status-publish","format-standard","has-post-thumbnail","hentry","category-vijesti"],"_links":{"self":[{"href":"https:\/\/www.pcnen.com\/portal\/wp-json\/wp\/v2\/posts\/410918","targetHints":{"allow":["GET"]}}],"collection":[{"href":"https:\/\/www.pcnen.com\/portal\/wp-json\/wp\/v2\/posts"}],"about":[{"href":"https:\/\/www.pcnen.com\/portal\/wp-json\/wp\/v2\/types\/post"}],"author":[{"embeddable":true,"href":"https:\/\/www.pcnen.com\/portal\/wp-json\/wp\/v2\/users\/1"}],"replies":[{"embeddable":true,"href":"https:\/\/www.pcnen.com\/portal\/wp-json\/wp\/v2\/comments?post=410918"}],"version-history":[{"count":1,"href":"https:\/\/www.pcnen.com\/portal\/wp-json\/wp\/v2\/posts\/410918\/revisions"}],"predecessor-version":[{"id":410921,"href":"https:\/\/www.pcnen.com\/portal\/wp-json\/wp\/v2\/posts\/410918\/revisions\/410921"}],"wp:featuredmedia":[{"embeddable":true,"href":"https:\/\/www.pcnen.com\/portal\/wp-json\/wp\/v2\/media\/282949"}],"wp:attachment":[{"href":"https:\/\/www.pcnen.com\/portal\/wp-json\/wp\/v2\/media?parent=410918"}],"wp:term":[{"taxonomy":"category","embeddable":true,"href":"https:\/\/www.pcnen.com\/portal\/wp-json\/wp\/v2\/categories?post=410918"},{"taxonomy":"post_tag","embeddable":true,"href":"https:\/\/www.pcnen.com\/portal\/wp-json\/wp\/v2\/tags?post=410918"}],"curies":[{"name":"wp","href":"https:\/\/api.w.org\/{rel}","templated":true}]}}