{"id":410900,"date":"2024-08-29T13:15:37","date_gmt":"2024-08-29T11:15:37","guid":{"rendered":"https:\/\/www.pcnen.com\/portal\/?p=410900"},"modified":"2024-08-29T13:15:37","modified_gmt":"2024-08-29T11:15:37","slug":"biciklo-me-organizuje-veceras-jubilarnu-cm-voznju-ulicama-podgorice","status":"publish","type":"post","link":"https:\/\/www.pcnen.com\/portal\/2024\/08\/29\/biciklo-me-organizuje-veceras-jubilarnu-cm-voznju-ulicama-podgorice\/","title":{"rendered":"Biciklo.me organizuje ve\u010deras jubilarnu CM vo\u017enju ulicama Podgorice"},"content":{"rendered":"<p>Nevladino udru\u017eenje Biciklo.me \u0107e organizovati ve\u010deras jubilarnu, 80-tu po redu grupnu vo\u017enju (Critical Mass) biciklima ulicama Podgorice.<\/p>\n<p>Prvu vo\u017enju ove vrste Biciklo.me je ogranizovalo prije du\u017ee od 10 godina i nastavilo sa tom praksom do danas. Ova organizacija na taj na\u010din zagovara gradnju biciklisti\u010dke infrastrukture\u00a0 i afirmi\u0161e kori\u0161\u0107enje bicikla kao alternativnog prevoza, ali i po\u0161tovanje saobra\u0107ajnih propisa. Na taj na\u010din istovremeno podsti\u010de zdrave i ekolo\u0161koj dr\u017eavi primjerene stilove \u017eivota. Sve ovo doprinosi i podsti\u010de smanjenje saobra\u0107ajnih gu\u017evi i karbonski otisak.<\/p>\n<p>Po\u010detak grupne vo\u017enje je predvi\u0111en za 20,00 sa Trga nezavisnosti.<\/p>\n<p>Biciklo.me je najavilo da \u0107e ovom prilikom prijatno iznenaditi neke od u\u010desnika vo\u017enje. Tako\u0111e pozivaju sve u\u010desnike da budu adekvatno osvjetljeni, naprijed bijelim a pozadi crvenim svjetlom, kako je predvi\u0111eno saobra\u0107ajnim propisima.<\/p>\n","protected":false},"excerpt":{"rendered":"<p>Prvu vo\u017enju ove vrste Biciklo.me je ogranizovalo prije du\u017ee od 10 godina i nastavilo sa tom praksom do danas<\/p>\n","protected":false},"author":1,"featured_media":278739,"comment_status":"open","ping_status":"closed","sticky":false,"template":"","format":"standard","meta":{"_seopress_robots_primary_cat":"none","_seopress_titles_title":"","_seopress_titles_desc":"","_seopress_robots_index":"","_et_pb_use_builder":"","_et_pb_old_content":"","_et_gb_content_width":"","inline_featured_image":false,"footnotes":""},"categories":[14],"tags":[],"class_list":["post-410900","post","type-post","status-publish","format-standard","has-post-thumbnail","hentry","category-vijesti"],"_links":{"self":[{"href":"https:\/\/www.pcnen.com\/portal\/wp-json\/wp\/v2\/posts\/410900","targetHints":{"allow":["GET"]}}],"collection":[{"href":"https:\/\/www.pcnen.com\/portal\/wp-json\/wp\/v2\/posts"}],"about":[{"href":"https:\/\/www.pcnen.com\/portal\/wp-json\/wp\/v2\/types\/post"}],"author":[{"embeddable":true,"href":"https:\/\/www.pcnen.com\/portal\/wp-json\/wp\/v2\/users\/1"}],"replies":[{"embeddable":true,"href":"https:\/\/www.pcnen.com\/portal\/wp-json\/wp\/v2\/comments?post=410900"}],"version-history":[{"count":1,"href":"https:\/\/www.pcnen.com\/portal\/wp-json\/wp\/v2\/posts\/410900\/revisions"}],"predecessor-version":[{"id":410903,"href":"https:\/\/www.pcnen.com\/portal\/wp-json\/wp\/v2\/posts\/410900\/revisions\/410903"}],"wp:featuredmedia":[{"embeddable":true,"href":"https:\/\/www.pcnen.com\/portal\/wp-json\/wp\/v2\/media\/278739"}],"wp:attachment":[{"href":"https:\/\/www.pcnen.com\/portal\/wp-json\/wp\/v2\/media?parent=410900"}],"wp:term":[{"taxonomy":"category","embeddable":true,"href":"https:\/\/www.pcnen.com\/portal\/wp-json\/wp\/v2\/categories?post=410900"},{"taxonomy":"post_tag","embeddable":true,"href":"https:\/\/www.pcnen.com\/portal\/wp-json\/wp\/v2\/tags?post=410900"}],"curies":[{"name":"wp","href":"https:\/\/api.w.org\/{rel}","templated":true}]}}