{"id":410866,"date":"2024-08-29T10:41:59","date_gmt":"2024-08-29T08:41:59","guid":{"rendered":"https:\/\/www.pcnen.com\/portal\/?p=410866"},"modified":"2024-08-29T10:42:44","modified_gmt":"2024-08-29T08:42:44","slug":"djukanovic-se-ukljucio-u-kampanju-dps-a","status":"publish","type":"post","link":"https:\/\/www.pcnen.com\/portal\/2024\/08\/29\/djukanovic-se-ukljucio-u-kampanju-dps-a\/","title":{"rendered":"\u0110ukanovi\u0107 se uklju\u010dio u kampanju DPS-a"},"content":{"rendered":"<p>Biv\u0161i predsjednik Crne Gore i vi\u0161edecenijski lider DPS-a Milo \u0110ukanovi\u0107 uklju\u010dio se u kampanju te partije za predstoje\u0107e lokalne izbore, prenosi Dan.<\/p>\n<p>On je sino\u0107 bio na predizbornom skupu podr\u017eao listu \u201cI rije\u010dju i djelom\u201d koju predvodi Nermin Abdi\u0107, a odr\u017eao je i govor.<\/p>\n<p>\u0110ukanovi\u0107 je na \u010delu DPS bio od 1998. godine, a 2023. godine podnio je ostavku na tu funkciju.<\/p>\n<p>\u201cZajedno mo\u017eemo sve! Pogledajte kako je protekao sastanak partijske mre\u017ee u Podgorici i zvani\u010dni po\u010detak kampanje: I rije\u010dju i djelom! \u2013 dr Nermin Abdi\u0107. Do pobjede\u201d, poru\u010duju iz ove partije u videu objavljenom na Facebooku.<\/p>\n","protected":false},"excerpt":{"rendered":"<p>Biv\u0161i predsjednik Crne Gore i vi\u0161edecenijski lider DPS-a Milo \u0110ukanovi\u0107 uklju\u010dio se u kampanju te partije za predstoje\u0107e lokalne izbore. On je sino\u0107 bio na predizbornom skupu podr\u017eao listu \u201cI rije\u010dju i djelom\u201d koju predvodi Nermin Abdi\u0107, a odr\u017eao je i govor.<\/p>\n","protected":false},"author":1,"featured_media":0,"comment_status":"open","ping_status":"closed","sticky":false,"template":"","format":"standard","meta":{"_seopress_robots_primary_cat":"none","_seopress_titles_title":"","_seopress_titles_desc":"","_seopress_robots_index":"","_et_pb_use_builder":"","_et_pb_old_content":"","_et_gb_content_width":"","inline_featured_image":false,"footnotes":""},"categories":[14],"tags":[],"class_list":["post-410866","post","type-post","status-publish","format-standard","hentry","category-vijesti"],"_links":{"self":[{"href":"https:\/\/www.pcnen.com\/portal\/wp-json\/wp\/v2\/posts\/410866","targetHints":{"allow":["GET"]}}],"collection":[{"href":"https:\/\/www.pcnen.com\/portal\/wp-json\/wp\/v2\/posts"}],"about":[{"href":"https:\/\/www.pcnen.com\/portal\/wp-json\/wp\/v2\/types\/post"}],"author":[{"embeddable":true,"href":"https:\/\/www.pcnen.com\/portal\/wp-json\/wp\/v2\/users\/1"}],"replies":[{"embeddable":true,"href":"https:\/\/www.pcnen.com\/portal\/wp-json\/wp\/v2\/comments?post=410866"}],"version-history":[{"count":3,"href":"https:\/\/www.pcnen.com\/portal\/wp-json\/wp\/v2\/posts\/410866\/revisions"}],"predecessor-version":[{"id":410871,"href":"https:\/\/www.pcnen.com\/portal\/wp-json\/wp\/v2\/posts\/410866\/revisions\/410871"}],"wp:attachment":[{"href":"https:\/\/www.pcnen.com\/portal\/wp-json\/wp\/v2\/media?parent=410866"}],"wp:term":[{"taxonomy":"category","embeddable":true,"href":"https:\/\/www.pcnen.com\/portal\/wp-json\/wp\/v2\/categories?post=410866"},{"taxonomy":"post_tag","embeddable":true,"href":"https:\/\/www.pcnen.com\/portal\/wp-json\/wp\/v2\/tags?post=410866"}],"curies":[{"name":"wp","href":"https:\/\/api.w.org\/{rel}","templated":true}]}}