{"id":410860,"date":"2024-08-29T10:07:36","date_gmt":"2024-08-29T08:07:36","guid":{"rendered":"https:\/\/www.pcnen.com\/portal\/?p=410860"},"modified":"2024-08-29T10:09:10","modified_gmt":"2024-08-29T08:09:10","slug":"protestni-skup-crmnicana-ispred-opstine-bar","status":"publish","type":"post","link":"https:\/\/www.pcnen.com\/portal\/2024\/08\/29\/protestni-skup-crmnicana-ispred-opstine-bar\/","title":{"rendered":"Protestni skup Crmni\u010dana ispred Op\u0161tine Bar"},"content":{"rendered":"<p>U 9:30 \u010dasova ispred Op\u0161tine Bar po\u010delo je prijavljeno protestno okupljanje gra\u0111ana MZ Crmnica, koji imaju za cilj da skrenu pa\u017enju predstavnicima Op\u0161tine Bar u vezi sa naplatom putarine za prolazak kroz tunel Sozina, javlja portal bar.info.<\/p>\n<p>Protest su preselili ispred lokalne uprave, jer su nezadovoljni odnosnom nadle\u017enih prema njima i njihovim zahtjevima.<\/p>\n<p>Predsjednik Op\u0161tine Bar, Du\u0161an Rai\u010devi\u0107, ih je pozvao na razgovor.<\/p>\n<p><a href=\"https:\/\/www.pcnen.com\/portal\/?s=crmni\">VEZANE VIJESTI<\/a><\/p>\n","protected":false},"excerpt":{"rendered":"<p>U 9:30 \u010dasova ispred Op\u0161tine Bar po\u010delo je prijavljeno protestno okupljanje gra\u0111ana MZ Crmnica, koji imaju za cilj da skrenu pa\u017enju predstavnicima Op\u0161tine Bar u vezi sa naplatom putarine za prolazak kroz tunel Sozina.<\/p>\n","protected":false},"author":1,"featured_media":410863,"comment_status":"open","ping_status":"closed","sticky":false,"template":"","format":"standard","meta":{"_seopress_robots_primary_cat":"none","_seopress_titles_title":"","_seopress_titles_desc":"","_seopress_robots_index":"","_et_pb_use_builder":"","_et_pb_old_content":"","_et_gb_content_width":"","inline_featured_image":false,"footnotes":""},"categories":[14],"tags":[],"class_list":["post-410860","post","type-post","status-publish","format-standard","has-post-thumbnail","hentry","category-vijesti"],"_links":{"self":[{"href":"https:\/\/www.pcnen.com\/portal\/wp-json\/wp\/v2\/posts\/410860","targetHints":{"allow":["GET"]}}],"collection":[{"href":"https:\/\/www.pcnen.com\/portal\/wp-json\/wp\/v2\/posts"}],"about":[{"href":"https:\/\/www.pcnen.com\/portal\/wp-json\/wp\/v2\/types\/post"}],"author":[{"embeddable":true,"href":"https:\/\/www.pcnen.com\/portal\/wp-json\/wp\/v2\/users\/1"}],"replies":[{"embeddable":true,"href":"https:\/\/www.pcnen.com\/portal\/wp-json\/wp\/v2\/comments?post=410860"}],"version-history":[{"count":2,"href":"https:\/\/www.pcnen.com\/portal\/wp-json\/wp\/v2\/posts\/410860\/revisions"}],"predecessor-version":[{"id":410865,"href":"https:\/\/www.pcnen.com\/portal\/wp-json\/wp\/v2\/posts\/410860\/revisions\/410865"}],"wp:featuredmedia":[{"embeddable":true,"href":"https:\/\/www.pcnen.com\/portal\/wp-json\/wp\/v2\/media\/410863"}],"wp:attachment":[{"href":"https:\/\/www.pcnen.com\/portal\/wp-json\/wp\/v2\/media?parent=410860"}],"wp:term":[{"taxonomy":"category","embeddable":true,"href":"https:\/\/www.pcnen.com\/portal\/wp-json\/wp\/v2\/categories?post=410860"},{"taxonomy":"post_tag","embeddable":true,"href":"https:\/\/www.pcnen.com\/portal\/wp-json\/wp\/v2\/tags?post=410860"}],"curies":[{"name":"wp","href":"https:\/\/api.w.org\/{rel}","templated":true}]}}