{"id":410824,"date":"2024-08-28T19:51:48","date_gmt":"2024-08-28T17:51:48","guid":{"rendered":"https:\/\/www.pcnen.com\/portal\/?p=410824"},"modified":"2024-08-28T19:51:48","modified_gmt":"2024-08-28T17:51:48","slug":"dw-savez-sara-vagenkneht-osvaja-istok-njemacke","status":"publish","type":"post","link":"https:\/\/www.pcnen.com\/portal\/2024\/08\/28\/dw-savez-sara-vagenkneht-osvaja-istok-njemacke\/","title":{"rendered":"DW: Savez Sara Vagenkneht osvaja istok Njema\u010dke"},"content":{"rendered":"<p>Sara Vagenkneht se li\u010dno ne kandiduje na izborima za parlamente u njema\u010dkim pokrajinama Tiringija, Saksonija i Brandenburg koji se odr\u017eavaju u septembru, ali bi ta kontroverzna politi\u010darka ipak mogla da iz tih glasanja iza\u0111e kao velika pobjednica. Prema ispitivanjima javnog mnjenja, Savez Sara Vagenkneht (BSW), stranka koju je u januaru ove godine osnovala biv\u0161a predsjednica poslani\u010dke grupe Ljevice u Bundestagu Sara Vagenkneht, trenutno je u Saksoniji i Tiringiji daleko ispred stranaka koje \u010dine vladaju\u0107u koaliciju kancelara Olafa \u0160olca na saveznom nivou, odnosno ispred Socijaldemokrata (SPD), Zelenih i Liberala (FDP). I u Brandenburgu je novoosnovana stranka gotovo ravnopravna sa Socijaldemokratama koji su tamo na vlasti, pi\u0161e DW.<\/p>\n<p>Sa svojom neobi\u010dnom mje\u0161avinom ljevi\u010darske ekonomske politike i antimigrantske retorike, BSW \u0107e vjerovatno da igra va\u017enu ulogu u formiranju vlada i u Tiringiji i u Saksoniji nakon izbora 1. septembra. U Brandenburgu \u0107e se izbori odr\u017eati 22. septembra.<\/p>\n<p>U sve tri savezne pokrajine u ispitivanjima vodi djelimi\u010dno desni\u010darsko ekstremisti\u010dka Alternativa za Njema\u010dku (AfD). Ostale stranke strahuju da je AfD opasnost po demokratiju i \u017eele po svaku cijenu, pa i po cijenu saradnje sa BSW, da sprije\u010de da AfD do\u0111e na vlast, <a href=\"https:\/\/www.dw.com\/sr\/savez-sara-vagenkneht-osvaja-istok-nema%C4%8Dke\/a-70070628\" target=\"_blank\" rel=\"noopener\">pi\u0161e DW.<\/a><\/p>\n","protected":false},"excerpt":{"rendered":"<p>Prema ispitivanjima javnog mnjenja, Savez Sara Vagenkneht (BSW), stranka koju je u januaru ove godine osnovala biv\u0161a predsjednica poslani\u010dke grupe Ljevice u Bundestagu Sara Vagenkneht, trenutno je u Saksoniji i Tiringiji daleko ispred stranaka koje \u010dine vladaju\u0107u koaliciju kancelara Olafa \u0160olca na saveznom nivou<\/p>\n","protected":false},"author":1,"featured_media":383830,"comment_status":"open","ping_status":"closed","sticky":false,"template":"","format":"standard","meta":{"_seopress_robots_primary_cat":"none","_seopress_titles_title":"","_seopress_titles_desc":"","_seopress_robots_index":"","_et_pb_use_builder":"","_et_pb_old_content":"","_et_gb_content_width":"","inline_featured_image":false,"footnotes":""},"categories":[14],"tags":[],"class_list":["post-410824","post","type-post","status-publish","format-standard","has-post-thumbnail","hentry","category-vijesti"],"_links":{"self":[{"href":"https:\/\/www.pcnen.com\/portal\/wp-json\/wp\/v2\/posts\/410824","targetHints":{"allow":["GET"]}}],"collection":[{"href":"https:\/\/www.pcnen.com\/portal\/wp-json\/wp\/v2\/posts"}],"about":[{"href":"https:\/\/www.pcnen.com\/portal\/wp-json\/wp\/v2\/types\/post"}],"author":[{"embeddable":true,"href":"https:\/\/www.pcnen.com\/portal\/wp-json\/wp\/v2\/users\/1"}],"replies":[{"embeddable":true,"href":"https:\/\/www.pcnen.com\/portal\/wp-json\/wp\/v2\/comments?post=410824"}],"version-history":[{"count":1,"href":"https:\/\/www.pcnen.com\/portal\/wp-json\/wp\/v2\/posts\/410824\/revisions"}],"predecessor-version":[{"id":410827,"href":"https:\/\/www.pcnen.com\/portal\/wp-json\/wp\/v2\/posts\/410824\/revisions\/410827"}],"wp:featuredmedia":[{"embeddable":true,"href":"https:\/\/www.pcnen.com\/portal\/wp-json\/wp\/v2\/media\/383830"}],"wp:attachment":[{"href":"https:\/\/www.pcnen.com\/portal\/wp-json\/wp\/v2\/media?parent=410824"}],"wp:term":[{"taxonomy":"category","embeddable":true,"href":"https:\/\/www.pcnen.com\/portal\/wp-json\/wp\/v2\/categories?post=410824"},{"taxonomy":"post_tag","embeddable":true,"href":"https:\/\/www.pcnen.com\/portal\/wp-json\/wp\/v2\/tags?post=410824"}],"curies":[{"name":"wp","href":"https:\/\/api.w.org\/{rel}","templated":true}]}}